{"id":23389,"date":"2025-11-03T10:39:51","date_gmt":"2025-11-03T09:39:51","guid":{"rendered":"https:\/\/mer-terre.org\/?p=23389"},"modified":"2025-11-03T11:26:11","modified_gmt":"2025-11-03T10:26:11","slug":"mon-megot-ou-il-faut-campagne","status":"publish","type":"post","link":"https:\/\/mer-terre.org\/en\/mon-megot-ou-il-faut-campagne\/","title":{"rendered":"\u00ab Mon M\u00e9got O\u00f9 Il Faut \u00bb : une campagne pour un espace public sans m\u00e9gots"},"content":{"rendered":"<div data-elementor-type=\"wp-post\" data-elementor-id=\"23389\" class=\"elementor elementor-23389\" data-elementor-post-type=\"post\">\n\t\t\t\t\t\t<section class=\"elementor-section elementor-top-section elementor-element elementor-element-710a3a05 elementor-section-boxed elementor-section-height-default elementor-section-height-default\" data-id=\"710a3a05\" data-element_type=\"section\">\n\t\t\t\t\t\t<div class=\"elementor-container elementor-column-gap-default\">\n\t\t\t\t\t<div class=\"elementor-column elementor-col-100 elementor-top-column elementor-element elementor-element-52f16b07\" data-id=\"52f16b07\" data-element_type=\"column\">\n\t\t\t<div class=\"elementor-widget-wrap elementor-element-populated\">\n\t\t\t\t\t\t<div class=\"elementor-element elementor-element-1fb1baea elementor-widget elementor-widget-text-editor\" data-id=\"1fb1baea\" data-element_type=\"widget\" data-widget_type=\"text-editor.default\">\n\t\t\t\t<div class=\"elementor-widget-container\">\n\t\t\t\t\t\t\t\t\t<p>MerTerre est fi\u00e8re de soutenir la nouvelle campagne nationale de sensibilisation <strong data-start=\"218\" data-end=\"246\">\u00ab Mon M\u00e9got O\u00f9 Il Faut \u00bb<\/strong>, port\u00e9e par <strong data-start=\"259\" data-end=\"269\">Alcome<\/strong>, l\u2019\u00e9co-organisme en charge de la fili\u00e8re de responsabilit\u00e9 \u00e9largie des producteurs de produits du tabac.<\/p>\n<h3>Un m\u00e9got, c\u2019est du plastique<\/h3>\n<p>Cette campagne rappelle une r\u00e9alit\u00e9 m\u00e9connue : <strong data-start=\"463\" data-end=\"525\">le filtre d\u2019un m\u00e9got n\u2019est pas du coton, mais du plastique<\/strong>. Jet\u00e9 au sol, il met jusqu\u2019\u00e0 <strong data-start=\"555\" data-end=\"579\">10 ans \u00e0 se d\u00e9grader<\/strong>, lib\u00e9rant au passage des <strong data-start=\"605\" data-end=\"628\">substances toxiques<\/strong> qui contaminent durablement les sols, les cours d\u2019eau, la mer et l\u2019oc\u00e9an.<\/p>\n<h3>Un constat alarmant sur le terrain<\/h3>\n<p>Gr\u00e2ce \u00e0 nos <strong data-start=\"762\" data-end=\"805\">m\u00e9thodes de caract\u00e9risation des d\u00e9chets<\/strong> et \u00e0 notre <strong data-start=\"817\" data-end=\"862\">expertise accumul\u00e9e depuis plus de 25 ans<\/strong>, MerTerre observe sur le terrain une constante : les <strong data-start=\"916\" data-end=\"1021\">m\u00e9gots figurent parmi les d\u00e9chets les plus nombreux retrouv\u00e9s dans l\u2019espace public et sur le littoral<\/strong>. Leur omnipr\u00e9sence en fait un enjeu environnemental majeur et une urgence collective.<\/p>\n<h3>Les objectifs de la campagne<\/h3>\n<p data-start=\"1149\" data-end=\"1184\">\u00ab Mon M\u00e9got O\u00f9 Il Faut \u00bb vise \u00e0 :<\/p>\n<ul data-start=\"1185\" data-end=\"1387\">\n<li data-start=\"1185\" data-end=\"1273\">\n<p data-start=\"1187\" data-end=\"1273\"><strong data-start=\"1187\" data-end=\"1199\">Informer<\/strong> sur la v\u00e9ritable composition du m\u00e9got et ses impacts environnementaux ;<\/p>\n<\/li>\n<li data-start=\"1274\" data-end=\"1387\">\n<p data-start=\"1276\" data-end=\"1387\"><strong data-start=\"1276\" data-end=\"1306\">Encourager les bons gestes<\/strong>, comme utiliser les poubelles, les cendriers de rue ou les cendriers de poche.<\/p>\n<\/li>\n<\/ul>\n<h3>Ensemble, agissons<\/h3>\n<p data-start=\"1718\" data-end=\"1973\">Chez MerTerre, nous partageons pleinement la conviction d\u2019Alcome : <strong data-start=\"1785\" data-end=\"1818\">sensibiliser, c\u2019est d\u00e9j\u00e0 agir<\/strong>.<br data-start=\"1819\" data-end=\"1822\">Chaque m\u00e9got jet\u00e9 au bon endroit, c\u2019est une victoire pour la propret\u00e9 de nos villes, la pr\u00e9servation des \u00e9cosyst\u00e8mes et de la biodiversit\u00e9.<\/p>\n<p data-start=\"1975\" data-end=\"2059\">Mobilisons-nous pour un <strong data-start=\"1999\" data-end=\"2057\">espace public plus propre et un littoral sans m\u00e9gots !<\/strong><\/p>\t\t\t\t\t\t\t\t<\/div>\n\t\t\t\t<\/div>\n\t\t\t\t<div class=\"elementor-element elementor-element-717f200 elementor-align-center elementor-widget elementor-widget-button\" data-id=\"717f200\" data-element_type=\"widget\" data-widget_type=\"button.default\">\n\t\t\t\t<div class=\"elementor-widget-container\">\n\t\t\t\t\t\t\t\t\t<div class=\"elementor-button-wrapper\">\n\t\t\t\t\t<a class=\"elementor-button elementor-button-link elementor-size-sm\" href=\"https:\/\/monmegotouilfaut.fr\/\">\n\t\t\t\t\t\t<span class=\"elementor-button-content-wrapper\">\n\t\t\t\t\t\t\t\t\t<span class=\"elementor-button-text\">campagne Mon m\u00e9got o\u00f9 il faut<\/span>\n\t\t\t\t\t<\/span>\n\t\t\t\t\t<\/a>\n\t\t\t\t<\/div>\n\t\t\t\t\t\t\t\t<\/div>\n\t\t\t\t<\/div>\n\t\t\t\t\t<\/div>\n\t\t<\/div>\n\t\t\t\t\t<\/div>\n\t\t<\/section>\n\t\t\t\t<\/div>","protected":false},"excerpt":{"rendered":"<p>MerTerre est fi\u00e8re de soutenir la nouvelle campagne nationale de sensibilisation \u00ab Mon M\u00e9got O\u00f9 Il Faut \u00bb, port\u00e9e par Alcome, l\u2019\u00e9co-organisme en charge de la fili\u00e8re de responsabilit\u00e9 \u00e9largie des producteurs de produits du tabac. Un m\u00e9got, c\u2019est du plastique Cette campagne rappelle une r\u00e9alit\u00e9 m\u00e9connue : le filtre d\u2019un m\u00e9got n\u2019est pas du [&hellip;]<\/p>","protected":false},"author":10,"featured_media":23390,"comment_status":"closed","ping_status":"open","sticky":false,"template":"","format":"standard","meta":{"_acf_changed":false,"_mo_disable_npp":"","footnotes":""},"categories":[37,8],"tags":[],"class_list":["post-23389","post","type-post","status-publish","format-standard","has-post-thumbnail","hentry","category-a-la-decouverte","category-sensibilisation"],"acf":[],"yoast_head":"<!-- This site is optimized with the Yoast SEO plugin v26.0 - https:\/\/yoast.com\/wordpress\/plugins\/seo\/ -->\n<title>\u00ab Mon M\u00e9got O\u00f9 Il Faut \u00bb : une campagne pour un espace public sans m\u00e9gots - MerTerre<\/title>\n<meta name=\"description\" content=\"MerTerre soutient la campagne \u00ab Mon M\u00e9got O\u00f9 Il Faut \u00bb d\u2019Alcome pour sensibiliser \u00e0 la pollution des m\u00e9gots et promouvoir les bons gestes.\" \/>\n<meta name=\"robots\" content=\"index, follow, max-snippet:-1, max-image-preview:large, max-video-preview:-1\" \/>\n<link rel=\"canonical\" href=\"https:\/\/mer-terre.org\/en\/mon-megot-ou-il-faut-campagne\/\" \/>\n<meta property=\"og:locale\" content=\"en_GB\" \/>\n<meta property=\"og:type\" content=\"article\" \/>\n<meta property=\"og:title\" content=\"\u00ab Mon M\u00e9got O\u00f9 Il Faut \u00bb : une campagne pour un espace public sans m\u00e9gots - MerTerre\" \/>\n<meta property=\"og:description\" content=\"MerTerre soutient la campagne \u00ab Mon M\u00e9got O\u00f9 Il Faut \u00bb d\u2019Alcome pour sensibiliser \u00e0 la pollution des m\u00e9gots et promouvoir les bons gestes.\" \/>\n<meta property=\"og:url\" content=\"https:\/\/mer-terre.org\/en\/mon-megot-ou-il-faut-campagne\/\" \/>\n<meta property=\"og:site_name\" content=\"MerTerre\" \/>\n<meta property=\"article:published_time\" content=\"2025-11-03T09:39:51+00:00\" \/>\n<meta property=\"article:modified_time\" content=\"2025-11-03T10:26:11+00:00\" \/>\n<meta property=\"og:image\" content=\"https:\/\/mer-terre.org\/wp-content\/uploads\/2025\/11\/Campagne-Mon-Megot-Ou-Il-Faut-visuel-littoral.pdf-724x1024.png\" \/>\n\t<meta property=\"og:image:width\" content=\"724\" \/>\n\t<meta property=\"og:image:height\" content=\"1024\" \/>\n\t<meta property=\"og:image:type\" content=\"image\/png\" \/>\n<meta name=\"author\" content=\"Mathilde Delahaye\" \/>\n<meta name=\"twitter:card\" content=\"summary_large_image\" \/>\n<meta name=\"twitter:label1\" content=\"Written by\" \/>\n\t<meta name=\"twitter:data1\" content=\"Mathilde Delahaye\" \/>\n\t<meta name=\"twitter:label2\" content=\"Estimated reading time\" \/>\n\t<meta name=\"twitter:data2\" content=\"2 minutes\" \/>\n<script type=\"application\/ld+json\" class=\"yoast-schema-graph\">{\"@context\":\"https:\/\/schema.org\",\"@graph\":[{\"@type\":\"Article\",\"@id\":\"https:\/\/mer-terre.org\/mon-megot-ou-il-faut-campagne\/#article\",\"isPartOf\":{\"@id\":\"https:\/\/mer-terre.org\/mon-megot-ou-il-faut-campagne\/\"},\"author\":{\"name\":\"Mathilde Delahaye\",\"@id\":\"https:\/\/mer-terre.org\/#\/schema\/person\/f937306cc6366785fbc1f20ff7379781\"},\"headline\":\"\u00ab Mon M\u00e9got O\u00f9 Il Faut \u00bb : une campagne pour un espace public sans m\u00e9gots\",\"datePublished\":\"2025-11-03T09:39:51+00:00\",\"dateModified\":\"2025-11-03T10:26:11+00:00\",\"mainEntityOfPage\":{\"@id\":\"https:\/\/mer-terre.org\/mon-megot-ou-il-faut-campagne\/\"},\"wordCount\":288,\"publisher\":{\"@id\":\"https:\/\/mer-terre.org\/#organization\"},\"image\":{\"@id\":\"https:\/\/mer-terre.org\/mon-megot-ou-il-faut-campagne\/#primaryimage\"},\"thumbnailUrl\":\"https:\/\/mer-terre.org\/wp-content\/uploads\/2025\/11\/Campagne-Mon-Megot-Ou-Il-Faut-visuel-littoral.pdf-scaled.png\",\"articleSection\":[\"\u00c0 la d\u00e9couverte\",\"Sensibilisation\"],\"inLanguage\":\"en-GB\"},{\"@type\":\"WebPage\",\"@id\":\"https:\/\/mer-terre.org\/mon-megot-ou-il-faut-campagne\/\",\"url\":\"https:\/\/mer-terre.org\/mon-megot-ou-il-faut-campagne\/\",\"name\":\"\u00ab Mon M\u00e9got O\u00f9 Il Faut \u00bb : une campagne pour un espace public sans m\u00e9gots - MerTerre\",\"isPartOf\":{\"@id\":\"https:\/\/mer-terre.org\/#website\"},\"primaryImageOfPage\":{\"@id\":\"https:\/\/mer-terre.org\/mon-megot-ou-il-faut-campagne\/#primaryimage\"},\"image\":{\"@id\":\"https:\/\/mer-terre.org\/mon-megot-ou-il-faut-campagne\/#primaryimage\"},\"thumbnailUrl\":\"https:\/\/mer-terre.org\/wp-content\/uploads\/2025\/11\/Campagne-Mon-Megot-Ou-Il-Faut-visuel-littoral.pdf-scaled.png\",\"datePublished\":\"2025-11-03T09:39:51+00:00\",\"dateModified\":\"2025-11-03T10:26:11+00:00\",\"description\":\"MerTerre soutient la campagne \u00ab Mon M\u00e9got O\u00f9 Il Faut \u00bb d\u2019Alcome pour sensibiliser \u00e0 la pollution des m\u00e9gots et promouvoir les bons gestes.\",\"breadcrumb\":{\"@id\":\"https:\/\/mer-terre.org\/mon-megot-ou-il-faut-campagne\/#breadcrumb\"},\"inLanguage\":\"en-GB\",\"potentialAction\":[{\"@type\":\"ReadAction\",\"target\":[\"https:\/\/mer-terre.org\/mon-megot-ou-il-faut-campagne\/\"]}]},{\"@type\":\"ImageObject\",\"inLanguage\":\"en-GB\",\"@id\":\"https:\/\/mer-terre.org\/mon-megot-ou-il-faut-campagne\/#primaryimage\",\"url\":\"https:\/\/mer-terre.org\/wp-content\/uploads\/2025\/11\/Campagne-Mon-Megot-Ou-Il-Faut-visuel-littoral.pdf-scaled.png\",\"contentUrl\":\"https:\/\/mer-terre.org\/wp-content\/uploads\/2025\/11\/Campagne-Mon-Megot-Ou-Il-Faut-visuel-littoral.pdf-scaled.png\",\"width\":1810,\"height\":2560},{\"@type\":\"BreadcrumbList\",\"@id\":\"https:\/\/mer-terre.org\/mon-megot-ou-il-faut-campagne\/#breadcrumb\",\"itemListElement\":[{\"@type\":\"ListItem\",\"position\":1,\"name\":\"Accueil\",\"item\":\"https:\/\/mer-terre.org\/\"},{\"@type\":\"ListItem\",\"position\":2,\"name\":\"\u00ab Mon M\u00e9got O\u00f9 Il Faut \u00bb : une campagne pour un espace public sans m\u00e9gots\"}]},{\"@type\":\"WebSite\",\"@id\":\"https:\/\/mer-terre.org\/#website\",\"url\":\"https:\/\/mer-terre.org\/\",\"name\":\"MerTerre\",\"description\":\"Objectif Z\u00e9ro D\u00e9chet Marin\",\"publisher\":{\"@id\":\"https:\/\/mer-terre.org\/#organization\"},\"potentialAction\":[{\"@type\":\"SearchAction\",\"target\":{\"@type\":\"EntryPoint\",\"urlTemplate\":\"https:\/\/mer-terre.org\/?s={search_term_string}\"},\"query-input\":{\"@type\":\"PropertyValueSpecification\",\"valueRequired\":true,\"valueName\":\"search_term_string\"}}],\"inLanguage\":\"en-GB\"},{\"@type\":\"Organization\",\"@id\":\"https:\/\/mer-terre.org\/#organization\",\"name\":\"MerTerre\",\"url\":\"https:\/\/mer-terre.org\/\",\"logo\":{\"@type\":\"ImageObject\",\"inLanguage\":\"en-GB\",\"@id\":\"https:\/\/mer-terre.org\/#\/schema\/logo\/image\/\",\"url\":\"https:\/\/mer-terre.org\/wp-content\/uploads\/2023\/01\/logo-hx1-5.png\",\"contentUrl\":\"https:\/\/mer-terre.org\/wp-content\/uploads\/2023\/01\/logo-hx1-5.png\",\"width\":473,\"height\":157,\"caption\":\"MerTerre\"},\"image\":{\"@id\":\"https:\/\/mer-terre.org\/#\/schema\/logo\/image\/\"}},{\"@type\":\"Person\",\"@id\":\"https:\/\/mer-terre.org\/#\/schema\/person\/f937306cc6366785fbc1f20ff7379781\",\"name\":\"Mathilde Delahaye\",\"image\":{\"@type\":\"ImageObject\",\"inLanguage\":\"en-GB\",\"@id\":\"https:\/\/mer-terre.org\/#\/schema\/person\/image\/\",\"url\":\"https:\/\/secure.gravatar.com\/avatar\/3fa930114c189031616722981ffa89eddcb2469aae5f85f2d1edf4d1018a96b9?s=96&d=mm&r=g\",\"contentUrl\":\"https:\/\/secure.gravatar.com\/avatar\/3fa930114c189031616722981ffa89eddcb2469aae5f85f2d1edf4d1018a96b9?s=96&d=mm&r=g\",\"caption\":\"Mathilde Delahaye\"},\"url\":\"https:\/\/mer-terre.org\/en\/author\/sarahcortier\/\"}]}<\/script>\n<!-- \/ Yoast SEO plugin. -->","yoast_head_json":{"title":"\u00ab Mon M\u00e9got O\u00f9 Il Faut \u00bb : une campagne pour un espace public sans m\u00e9gots - MerTerre","description":"MerTerre soutient la campagne \u00ab Mon M\u00e9got O\u00f9 Il Faut \u00bb d\u2019Alcome pour sensibiliser \u00e0 la pollution des m\u00e9gots et promouvoir les bons gestes.","robots":{"index":"index","follow":"follow","max-snippet":"max-snippet:-1","max-image-preview":"max-image-preview:large","max-video-preview":"max-video-preview:-1"},"canonical":"https:\/\/mer-terre.org\/en\/mon-megot-ou-il-faut-campagne\/","og_locale":"en_GB","og_type":"article","og_title":"\u00ab Mon M\u00e9got O\u00f9 Il Faut \u00bb : une campagne pour un espace public sans m\u00e9gots - MerTerre","og_description":"MerTerre soutient la campagne \u00ab Mon M\u00e9got O\u00f9 Il Faut \u00bb d\u2019Alcome pour sensibiliser \u00e0 la pollution des m\u00e9gots et promouvoir les bons gestes.","og_url":"https:\/\/mer-terre.org\/en\/mon-megot-ou-il-faut-campagne\/","og_site_name":"MerTerre","article_published_time":"2025-11-03T09:39:51+00:00","article_modified_time":"2025-11-03T10:26:11+00:00","og_image":[{"width":724,"height":1024,"url":"https:\/\/mer-terre.org\/wp-content\/uploads\/2025\/11\/Campagne-Mon-Megot-Ou-Il-Faut-visuel-littoral.pdf-724x1024.png","type":"image\/png"}],"author":"Mathilde Delahaye","twitter_card":"summary_large_image","twitter_misc":{"Written by":"Mathilde Delahaye","Estimated reading time":"2 minutes"},"schema":{"@context":"https:\/\/schema.org","@graph":[{"@type":"Article","@id":"https:\/\/mer-terre.org\/mon-megot-ou-il-faut-campagne\/#article","isPartOf":{"@id":"https:\/\/mer-terre.org\/mon-megot-ou-il-faut-campagne\/"},"author":{"name":"Mathilde Delahaye","@id":"https:\/\/mer-terre.org\/#\/schema\/person\/f937306cc6366785fbc1f20ff7379781"},"headline":"\u00ab Mon M\u00e9got O\u00f9 Il Faut \u00bb : une campagne pour un espace public sans m\u00e9gots","datePublished":"2025-11-03T09:39:51+00:00","dateModified":"2025-11-03T10:26:11+00:00","mainEntityOfPage":{"@id":"https:\/\/mer-terre.org\/mon-megot-ou-il-faut-campagne\/"},"wordCount":288,"publisher":{"@id":"https:\/\/mer-terre.org\/#organization"},"image":{"@id":"https:\/\/mer-terre.org\/mon-megot-ou-il-faut-campagne\/#primaryimage"},"thumbnailUrl":"https:\/\/mer-terre.org\/wp-content\/uploads\/2025\/11\/Campagne-Mon-Megot-Ou-Il-Faut-visuel-littoral.pdf-scaled.png","articleSection":["\u00c0 la d\u00e9couverte","Sensibilisation"],"inLanguage":"en-GB"},{"@type":"WebPage","@id":"https:\/\/mer-terre.org\/mon-megot-ou-il-faut-campagne\/","url":"https:\/\/mer-terre.org\/mon-megot-ou-il-faut-campagne\/","name":"\u00ab Mon M\u00e9got O\u00f9 Il Faut \u00bb : une campagne pour un espace public sans m\u00e9gots - MerTerre","isPartOf":{"@id":"https:\/\/mer-terre.org\/#website"},"primaryImageOfPage":{"@id":"https:\/\/mer-terre.org\/mon-megot-ou-il-faut-campagne\/#primaryimage"},"image":{"@id":"https:\/\/mer-terre.org\/mon-megot-ou-il-faut-campagne\/#primaryimage"},"thumbnailUrl":"https:\/\/mer-terre.org\/wp-content\/uploads\/2025\/11\/Campagne-Mon-Megot-Ou-Il-Faut-visuel-littoral.pdf-scaled.png","datePublished":"2025-11-03T09:39:51+00:00","dateModified":"2025-11-03T10:26:11+00:00","description":"MerTerre soutient la campagne \u00ab Mon M\u00e9got O\u00f9 Il Faut \u00bb d\u2019Alcome pour sensibiliser \u00e0 la pollution des m\u00e9gots et promouvoir les bons gestes.","breadcrumb":{"@id":"https:\/\/mer-terre.org\/mon-megot-ou-il-faut-campagne\/#breadcrumb"},"inLanguage":"en-GB","potentialAction":[{"@type":"ReadAction","target":["https:\/\/mer-terre.org\/mon-megot-ou-il-faut-campagne\/"]}]},{"@type":"ImageObject","inLanguage":"en-GB","@id":"https:\/\/mer-terre.org\/mon-megot-ou-il-faut-campagne\/#primaryimage","url":"https:\/\/mer-terre.org\/wp-content\/uploads\/2025\/11\/Campagne-Mon-Megot-Ou-Il-Faut-visuel-littoral.pdf-scaled.png","contentUrl":"https:\/\/mer-terre.org\/wp-content\/uploads\/2025\/11\/Campagne-Mon-Megot-Ou-Il-Faut-visuel-littoral.pdf-scaled.png","width":1810,"height":2560},{"@type":"BreadcrumbList","@id":"https:\/\/mer-terre.org\/mon-megot-ou-il-faut-campagne\/#breadcrumb","itemListElement":[{"@type":"ListItem","position":1,"name":"Accueil","item":"https:\/\/mer-terre.org\/"},{"@type":"ListItem","position":2,"name":"\u00ab Mon M\u00e9got O\u00f9 Il Faut \u00bb : une campagne pour un espace public sans m\u00e9gots"}]},{"@type":"WebSite","@id":"https:\/\/mer-terre.org\/#website","url":"https:\/\/mer-terre.org\/","name":"MerTerre","description":"Objectif Z\u00e9ro D\u00e9chet Marin","publisher":{"@id":"https:\/\/mer-terre.org\/#organization"},"potentialAction":[{"@type":"SearchAction","target":{"@type":"EntryPoint","urlTemplate":"https:\/\/mer-terre.org\/?s={search_term_string}"},"query-input":{"@type":"PropertyValueSpecification","valueRequired":true,"valueName":"search_term_string"}}],"inLanguage":"en-GB"},{"@type":"Organization","@id":"https:\/\/mer-terre.org\/#organization","name":"MerTerre","url":"https:\/\/mer-terre.org\/","logo":{"@type":"ImageObject","inLanguage":"en-GB","@id":"https:\/\/mer-terre.org\/#\/schema\/logo\/image\/","url":"https:\/\/mer-terre.org\/wp-content\/uploads\/2023\/01\/logo-hx1-5.png","contentUrl":"https:\/\/mer-terre.org\/wp-content\/uploads\/2023\/01\/logo-hx1-5.png","width":473,"height":157,"caption":"MerTerre"},"image":{"@id":"https:\/\/mer-terre.org\/#\/schema\/logo\/image\/"}},{"@type":"Person","@id":"https:\/\/mer-terre.org\/#\/schema\/person\/f937306cc6366785fbc1f20ff7379781","name":"Mathilde Delahaye","image":{"@type":"ImageObject","inLanguage":"en-GB","@id":"https:\/\/mer-terre.org\/#\/schema\/person\/image\/","url":"https:\/\/secure.gravatar.com\/avatar\/3fa930114c189031616722981ffa89eddcb2469aae5f85f2d1edf4d1018a96b9?s=96&d=mm&r=g","contentUrl":"https:\/\/secure.gravatar.com\/avatar\/3fa930114c189031616722981ffa89eddcb2469aae5f85f2d1edf4d1018a96b9?s=96&d=mm&r=g","caption":"Mathilde Delahaye"},"url":"https:\/\/mer-terre.org\/en\/author\/sarahcortier\/"}]}},"_links":{"self":[{"href":"https:\/\/mer-terre.org\/en\/wp-json\/wp\/v2\/posts\/23389","targetHints":{"allow":["GET"]}}],"collection":[{"href":"https:\/\/mer-terre.org\/en\/wp-json\/wp\/v2\/posts"}],"about":[{"href":"https:\/\/mer-terre.org\/en\/wp-json\/wp\/v2\/types\/post"}],"author":[{"embeddable":true,"href":"https:\/\/mer-terre.org\/en\/wp-json\/wp\/v2\/users\/10"}],"replies":[{"embeddable":true,"href":"https:\/\/mer-terre.org\/en\/wp-json\/wp\/v2\/comments?post=23389"}],"version-history":[{"count":0,"href":"https:\/\/mer-terre.org\/en\/wp-json\/wp\/v2\/posts\/23389\/revisions"}],"wp:featuredmedia":[{"embeddable":true,"href":"https:\/\/mer-terre.org\/en\/wp-json\/wp\/v2\/media\/23390"}],"wp:attachment":[{"href":"https:\/\/mer-terre.org\/en\/wp-json\/wp\/v2\/media?parent=23389"}],"wp:term":[{"taxonomy":"category","embeddable":true,"href":"https:\/\/mer-terre.org\/en\/wp-json\/wp\/v2\/categories?post=23389"},{"taxonomy":"post_tag","embeddable":true,"href":"https:\/\/mer-terre.org\/en\/wp-json\/wp\/v2\/tags?post=23389"}],"curies":[{"name":"wp","href":"https:\/\/api.w.org\/{rel}","templated":true}]}}