{"id":3284,"date":"2023-03-13T15:10:32","date_gmt":"2023-03-13T14:10:32","guid":{"rendered":"https:\/\/mer-terre.org\/?p=3284"},"modified":"2023-10-06T13:14:26","modified_gmt":"2023-10-06T11:14:26","slug":"caponlitter-interreg-europe-reduction-dechets","status":"publish","type":"post","link":"https:\/\/mer-terre.org\/en\/caponlitter-interreg-europe-reduction-dechets\/","title":{"rendered":"The European Interreg project CAPonLITTER: collective intelligence to reduce litter on our beaches"},"content":{"rendered":"<div data-elementor-type=\"wp-post\" data-elementor-id=\"3284\" class=\"elementor elementor-3284\" data-elementor-post-type=\"post\">\n\t\t\t\t\t\t<section class=\"elementor-section elementor-top-section elementor-element elementor-element-fca23e6 elementor-section-boxed elementor-section-height-default elementor-section-height-default\" data-id=\"fca23e6\" data-element_type=\"section\">\n\t\t\t\t\t\t<div class=\"elementor-container elementor-column-gap-default\">\n\t\t\t\t\t<div class=\"elementor-column elementor-col-100 elementor-top-column elementor-element elementor-element-054caaf\" data-id=\"054caaf\" data-element_type=\"column\">\n\t\t\t<div class=\"elementor-widget-wrap elementor-element-populated\">\n\t\t\t\t\t\t<div class=\"elementor-element elementor-element-391de06 elementor-widget elementor-widget-text-editor\" data-id=\"391de06\" data-element_type=\"widget\" data-widget_type=\"text-editor.default\">\n\t\t\t\t<div class=\"elementor-widget-container\">\n\t\t\t\t\t\t\t\t\t<p><strong>Nous le savons bien, les d\u00e9chets marins sont un fl\u00e9au de plus en plus observ\u00e9 sur nos c\u00f4tes. Du fait de leur attractivit\u00e9s, les zones c\u00f4ti\u00e8res sont en effet particuli\u00e8rement touch\u00e9es. L\u2019afflux saisonnier de touristes et les activit\u00e9s de loisirs ne faisant qu\u2019amplifier le ph\u00e9nom\u00e8ne. Pour contrer ce probl\u00e8me majeur, l\u2019Union Europ\u00e9enne a lanc\u00e9 en Septembre 2019 le projet Interreg CAPonLITTER. L\u2019objectif global du projet est d\u2019am\u00e9liorer les politiques et les pratiques susceptibles de contribuer \u00e0 la pr\u00e9vention des d\u00e9chets marins r\u00e9sultants du tourisme c\u00f4tier et des activit\u00e9s de loisirs. Mercredi 29 janvier, l\u2019association MerTerre animait la premi\u00e8re r\u00e9union de r\u00e9flexion en R\u00e9gion Sud en compagnie de partenaires sp\u00e9cialistes du sujet.<\/strong><\/p><p>Le projet CaponLitter implique des autorit\u00e9s et des organisations du Portugal, d\u2019Espagne, de France, de Croatie, de Gr\u00e8ce, de Bulgarie et d\u2019Allemagne, territoires dans lesquels le tourisme c\u00f4tier est une activit\u00e9 \u00e9conomique cl\u00e9. Pour atteindre les objectifs du projet, l\u2019id\u00e9e est que les partenaires <b>\u00e9changent leurs exp\u00e9riences et explorent la mani\u00e8re de les int\u00e9grer dans les politiques locales et r\u00e9gionales de leurs pays respectifs<\/b>.<\/p><p><br \/>Mercredi 29 janvier au matin a eu lieu la premi\u00e8re rencontre des parties prenantes de la R\u00e9gion Sud pour r\u00e9fl\u00e9chir ensemble aux d\u00e9fis rencontr\u00e9s dans la mise en place de plages, d\u2019\u00e9v\u00e8nements et de collectivit\u00e9s z\u00e9ro d\u00e9chet.<\/p>\t\t\t\t\t\t\t\t<\/div>\n\t\t\t\t<\/div>\n\t\t\t\t<div class=\"elementor-element elementor-element-c9283f0 elementor-widget elementor-widget-heading\" data-id=\"c9283f0\" data-element_type=\"widget\" data-widget_type=\"heading.default\">\n\t\t\t\t<div class=\"elementor-widget-container\">\n\t\t\t\t\t<h2 class=\"elementor-heading-title elementor-size-default\">8 difficult\u00e9s majeures ont \u00e9t\u00e9 soulign\u00e9es par les participants <\/h2>\t\t\t\t<\/div>\n\t\t\t\t<\/div>\n\t\t\t\t<div class=\"elementor-element elementor-element-335f078 elementor-widget elementor-widget-image\" data-id=\"335f078\" data-element_type=\"widget\" data-widget_type=\"image.default\">\n\t\t\t\t<div class=\"elementor-widget-container\">\n\t\t\t\t\t\t\t\t\t\t\t\t\t\t\t<img fetchpriority=\"high\" decoding=\"async\" width=\"800\" height=\"534\" src=\"https:\/\/mer-terre.org\/wp-content\/uploads\/2023\/01\/IMG_3017-1200x800-1-1024x683.jpg\" class=\"attachment-large size-large wp-image-3281\" alt=\"Participants workshop\" srcset=\"https:\/\/mer-terre.org\/wp-content\/uploads\/2023\/01\/IMG_3017-1200x800-1-1024x683.jpg 1024w, https:\/\/mer-terre.org\/wp-content\/uploads\/2023\/01\/IMG_3017-1200x800-1-300x200.jpg 300w, https:\/\/mer-terre.org\/wp-content\/uploads\/2023\/01\/IMG_3017-1200x800-1-768x512.jpg 768w, https:\/\/mer-terre.org\/wp-content\/uploads\/2023\/01\/IMG_3017-1200x800-1-18x12.jpg 18w, https:\/\/mer-terre.org\/wp-content\/uploads\/2023\/01\/IMG_3017-1200x800-1.jpg 1200w\" sizes=\"(max-width: 800px) 100vw, 800px\" \/>\t\t\t\t\t\t\t\t\t\t\t\t\t\t\t<\/div>\n\t\t\t\t<\/div>\n\t\t\t\t<div class=\"elementor-element elementor-element-c901f46 elementor-widget elementor-widget-text-editor\" data-id=\"c901f46\" data-element_type=\"widget\" data-widget_type=\"text-editor.default\">\n\t\t\t\t<div class=\"elementor-widget-container\">\n\t\t\t\t\t\t\t\t\t<p>(1) la r\u00e9duction \u00e0 la source<br \/>(2) le manque de sensibilisation<br \/>(3) la mutualisation interprofessionnelle<br \/>(4) la collecte des d\u00e9chets<br \/>(5) les freins budg\u00e9taires<br \/>(6) les m\u00e9gots<br \/>(7) l\u2019int\u00e9gration des acteurs en amont\/aval<br \/>(8) la globalisation des de la d\u00e9marche de d\u00e9veloppement durable.<\/p><p>Les acteurs ont ensuite r\u00e9fl\u00e9chi \u00e0 des <b>bonnes pratiques \u00e0 mettre en place pour contrer ces difficult\u00e9s<\/b>\u00a0:<br \/>(1) la G\u00e9n\u00e9ralisation des consignes et la syst\u00e9matisation du vrac<br \/>(2) une Campagne de sensibilisation (habitants, professionnels, collectivit\u00e9s, acteurs touristiques, etc.)<br \/>(3) une tarification incitative des habitants\/ professionnels ainsi que la responsabilisation des touristes\u00a0(par exemple repartir avec ses d\u00e9chets)<br \/>(4) l\u2019instauration d\u2019une charte des organisateurs d\u2019\u00e9v\u00e8nements<br \/>(5) l\u2019am\u00e9nagement de zones non-fumeurs et de zones fumeurs<br \/>(6) g\u00e9n\u00e9raliser le principe d\u2019\u00e9cotaxe + orienter vers des solutions vertueuses<\/p><p>Cette rencontre fut la premi\u00e8re \u00e9tape pour arriver \u00e0 l\u2019objectif final du projet CAPonLITTER qui est d\u2019<b>\u00e9laborer des plans d\u2019actions r\u00e9gionaux comprenant des recommandations sur des pratiques promettantes\/encourageantes et les moyens de les int\u00e9grer ou de les soutenir par des instruments politiques sp\u00e9cifiques et cibl\u00e9s.<\/b><\/p><p>De nombreux secteurs ont \u00e9t\u00e9 repr\u00e9sent\u00e9s durant la rencontre, allant des personnes en charge de la gestion des d\u00e9chets\u00a0(M\u00e9tropoleAix-Marseille-Provence, Mairie de Miramas, CITEO, R\u00e9gion Sud) ainsi que toute autorit\u00e9\u00a0locale, organisation civique, association et autre structure (Parc National des Calanques, CPIE C\u00f4te Proven\u00e7ale, WWF, Cofees, Anotherways, A\u00e9roport Marseille-Provence.) C\u2019est \u00e0 l\u2019aide de l\u2019exp\u00e9rience de tous que nous pourrons\u00a0imaginer des solutions concr\u00e8tes et r\u00e9alistes pour une r\u00e9gion z\u00e9ro d\u00e9chet sauvage.<\/p>\t\t\t\t\t\t\t\t<\/div>\n\t\t\t\t<\/div>\n\t\t\t\t\t<\/div>\n\t\t<\/div>\n\t\t\t\t\t<\/div>\n\t\t<\/section>\n\t\t\t\t<\/div>","protected":false},"excerpt":{"rendered":"<p>As we all know, marine litter is an increasingly common sight on our coasts. Because of their attractiveness, coastal areas are particularly affected. The seasonal influx of tourists and leisure activities only amplify the phenomenon. To counter this major problem, the European Union launched the CAPonLITTER Interreg project in September 2019.<\/p>","protected":false},"author":6,"featured_media":3282,"comment_status":"closed","ping_status":"open","sticky":false,"template":"","format":"standard","meta":{"_acf_changed":false,"_mo_disable_npp":"","footnotes":""},"categories":[10,7],"tags":[],"class_list":["post-3284","post","type-post","status-publish","format-standard","has-post-thumbnail","hentry","category-accompagnement","category-evenements"],"acf":[],"yoast_head":"<!-- This site is optimized with the Yoast SEO plugin v26.0 - https:\/\/yoast.com\/wordpress\/plugins\/seo\/ -->\n<title>Le projet europ\u00e9en Interreg CAPonLITTER : l\u2019intelligence collective au service de la diminution des d\u00e9chets sur nos plages - MerTerre<\/title>\n<meta name=\"description\" content=\"Mercredi 29 janvier 2020, l\u2019association MerTerre animait la premi\u00e8re r\u00e9union de r\u00e9flexion en R\u00e9gion Sud en compagnie de partenaires sp\u00e9cialistes du sujet.\" \/>\n<meta name=\"robots\" content=\"index, follow, max-snippet:-1, max-image-preview:large, max-video-preview:-1\" \/>\n<link rel=\"canonical\" href=\"https:\/\/mer-terre.org\/en\/caponlitter-interreg-europe-reduction-dechets\/\" \/>\n<meta property=\"og:locale\" content=\"en_GB\" \/>\n<meta property=\"og:type\" content=\"article\" \/>\n<meta property=\"og:title\" content=\"Le projet europ\u00e9en Interreg CAPonLITTER : l\u2019intelligence collective au service de la diminution des d\u00e9chets sur nos plages - MerTerre\" \/>\n<meta property=\"og:description\" content=\"Mercredi 29 janvier 2020, l\u2019association MerTerre animait la premi\u00e8re r\u00e9union de r\u00e9flexion en R\u00e9gion Sud en compagnie de partenaires sp\u00e9cialistes du sujet.\" \/>\n<meta property=\"og:url\" content=\"https:\/\/mer-terre.org\/en\/caponlitter-interreg-europe-reduction-dechets\/\" \/>\n<meta property=\"og:site_name\" content=\"MerTerre\" \/>\n<meta property=\"article:published_time\" content=\"2023-03-13T14:10:32+00:00\" \/>\n<meta property=\"article:modified_time\" content=\"2023-10-06T11:14:26+00:00\" \/>\n<meta property=\"og:image\" content=\"https:\/\/mer-terre.org\/wp-content\/uploads\/2023\/01\/IMG_3106-1200x800-1.jpg\" \/>\n\t<meta property=\"og:image:width\" content=\"1200\" \/>\n\t<meta property=\"og:image:height\" content=\"800\" \/>\n\t<meta property=\"og:image:type\" content=\"image\/jpeg\" \/>\n<meta name=\"author\" content=\"Laurine Fouquereau\" \/>\n<meta name=\"twitter:card\" content=\"summary_large_image\" \/>\n<meta name=\"twitter:label1\" content=\"Written by\" \/>\n\t<meta name=\"twitter:data1\" content=\"Laurine Fouquereau\" \/>\n\t<meta name=\"twitter:label2\" content=\"Estimated reading time\" \/>\n\t<meta name=\"twitter:data2\" content=\"3 minutes\" \/>\n<script type=\"application\/ld+json\" class=\"yoast-schema-graph\">{\"@context\":\"https:\/\/schema.org\",\"@graph\":[{\"@type\":\"Article\",\"@id\":\"https:\/\/mer-terre.org\/caponlitter-interreg-europe-reduction-dechets\/#article\",\"isPartOf\":{\"@id\":\"https:\/\/mer-terre.org\/caponlitter-interreg-europe-reduction-dechets\/\"},\"author\":{\"name\":\"Laurine Fouquereau\",\"@id\":\"https:\/\/mer-terre.org\/#\/schema\/person\/caf15d0bcbeeac616d6ec711ccbb1b1b\"},\"headline\":\"Le projet europ\u00e9en Interreg CAPonLITTER : l\u2019intelligence collective au service de la diminution des d\u00e9chets sur nos plages\",\"datePublished\":\"2023-03-13T14:10:32+00:00\",\"dateModified\":\"2023-10-06T11:14:26+00:00\",\"mainEntityOfPage\":{\"@id\":\"https:\/\/mer-terre.org\/caponlitter-interreg-europe-reduction-dechets\/\"},\"wordCount\":565,\"publisher\":{\"@id\":\"https:\/\/mer-terre.org\/#organization\"},\"image\":{\"@id\":\"https:\/\/mer-terre.org\/caponlitter-interreg-europe-reduction-dechets\/#primaryimage\"},\"thumbnailUrl\":\"https:\/\/mer-terre.org\/wp-content\/uploads\/2023\/01\/IMG_3106-1200x800-1.jpg\",\"articleSection\":[\"Accompagnement\",\"\u00c9v\u00e8nements\"],\"inLanguage\":\"en-GB\"},{\"@type\":\"WebPage\",\"@id\":\"https:\/\/mer-terre.org\/caponlitter-interreg-europe-reduction-dechets\/\",\"url\":\"https:\/\/mer-terre.org\/caponlitter-interreg-europe-reduction-dechets\/\",\"name\":\"Le projet europ\u00e9en Interreg CAPonLITTER : l\u2019intelligence collective au service de la diminution des d\u00e9chets sur nos plages - MerTerre\",\"isPartOf\":{\"@id\":\"https:\/\/mer-terre.org\/#website\"},\"primaryImageOfPage\":{\"@id\":\"https:\/\/mer-terre.org\/caponlitter-interreg-europe-reduction-dechets\/#primaryimage\"},\"image\":{\"@id\":\"https:\/\/mer-terre.org\/caponlitter-interreg-europe-reduction-dechets\/#primaryimage\"},\"thumbnailUrl\":\"https:\/\/mer-terre.org\/wp-content\/uploads\/2023\/01\/IMG_3106-1200x800-1.jpg\",\"datePublished\":\"2023-03-13T14:10:32+00:00\",\"dateModified\":\"2023-10-06T11:14:26+00:00\",\"description\":\"Mercredi 29 janvier 2020, l\u2019association MerTerre animait la premi\u00e8re r\u00e9union de r\u00e9flexion en R\u00e9gion Sud en compagnie de partenaires sp\u00e9cialistes du sujet.\",\"breadcrumb\":{\"@id\":\"https:\/\/mer-terre.org\/caponlitter-interreg-europe-reduction-dechets\/#breadcrumb\"},\"inLanguage\":\"en-GB\",\"potentialAction\":[{\"@type\":\"ReadAction\",\"target\":[\"https:\/\/mer-terre.org\/caponlitter-interreg-europe-reduction-dechets\/\"]}]},{\"@type\":\"ImageObject\",\"inLanguage\":\"en-GB\",\"@id\":\"https:\/\/mer-terre.org\/caponlitter-interreg-europe-reduction-dechets\/#primaryimage\",\"url\":\"https:\/\/mer-terre.org\/wp-content\/uploads\/2023\/01\/IMG_3106-1200x800-1.jpg\",\"contentUrl\":\"https:\/\/mer-terre.org\/wp-content\/uploads\/2023\/01\/IMG_3106-1200x800-1.jpg\",\"width\":1200,\"height\":800,\"caption\":\"Workshop CAPonLITTER MerTerre\"},{\"@type\":\"BreadcrumbList\",\"@id\":\"https:\/\/mer-terre.org\/caponlitter-interreg-europe-reduction-dechets\/#breadcrumb\",\"itemListElement\":[{\"@type\":\"ListItem\",\"position\":1,\"name\":\"Accueil\",\"item\":\"https:\/\/mer-terre.org\/\"},{\"@type\":\"ListItem\",\"position\":2,\"name\":\"Le projet europ\u00e9en Interreg CAPonLITTER : l\u2019intelligence collective au service de la diminution des d\u00e9chets sur nos plages\"}]},{\"@type\":\"WebSite\",\"@id\":\"https:\/\/mer-terre.org\/#website\",\"url\":\"https:\/\/mer-terre.org\/\",\"name\":\"MerTerre\",\"description\":\"Objectif Z\u00e9ro D\u00e9chet Marin\",\"publisher\":{\"@id\":\"https:\/\/mer-terre.org\/#organization\"},\"potentialAction\":[{\"@type\":\"SearchAction\",\"target\":{\"@type\":\"EntryPoint\",\"urlTemplate\":\"https:\/\/mer-terre.org\/?s={search_term_string}\"},\"query-input\":{\"@type\":\"PropertyValueSpecification\",\"valueRequired\":true,\"valueName\":\"search_term_string\"}}],\"inLanguage\":\"en-GB\"},{\"@type\":\"Organization\",\"@id\":\"https:\/\/mer-terre.org\/#organization\",\"name\":\"MerTerre\",\"url\":\"https:\/\/mer-terre.org\/\",\"logo\":{\"@type\":\"ImageObject\",\"inLanguage\":\"en-GB\",\"@id\":\"https:\/\/mer-terre.org\/#\/schema\/logo\/image\/\",\"url\":\"https:\/\/mer-terre.org\/wp-content\/uploads\/2023\/01\/logo-hx1-5.png\",\"contentUrl\":\"https:\/\/mer-terre.org\/wp-content\/uploads\/2023\/01\/logo-hx1-5.png\",\"width\":473,\"height\":157,\"caption\":\"MerTerre\"},\"image\":{\"@id\":\"https:\/\/mer-terre.org\/#\/schema\/logo\/image\/\"}},{\"@type\":\"Person\",\"@id\":\"https:\/\/mer-terre.org\/#\/schema\/person\/caf15d0bcbeeac616d6ec711ccbb1b1b\",\"name\":\"Laurine Fouquereau\",\"image\":{\"@type\":\"ImageObject\",\"inLanguage\":\"en-GB\",\"@id\":\"https:\/\/mer-terre.org\/#\/schema\/person\/image\/\",\"url\":\"https:\/\/secure.gravatar.com\/avatar\/337e28efda9abf33a126e46dd1ef2d07f4c2174fa5f3890ba1ce73a1ab6c298d?s=96&d=mm&r=g\",\"contentUrl\":\"https:\/\/secure.gravatar.com\/avatar\/337e28efda9abf33a126e46dd1ef2d07f4c2174fa5f3890ba1ce73a1ab6c298d?s=96&d=mm&r=g\",\"caption\":\"Laurine Fouquereau\"},\"url\":\"https:\/\/mer-terre.org\/en\/author\/lfouquereau\/\"}]}<\/script>\n<!-- \/ Yoast SEO plugin. -->","yoast_head_json":{"title":"Le projet europ\u00e9en Interreg CAPonLITTER : l\u2019intelligence collective au service de la diminution des d\u00e9chets sur nos plages - MerTerre","description":"Mercredi 29 janvier 2020, l\u2019association MerTerre animait la premi\u00e8re r\u00e9union de r\u00e9flexion en R\u00e9gion Sud en compagnie de partenaires sp\u00e9cialistes du sujet.","robots":{"index":"index","follow":"follow","max-snippet":"max-snippet:-1","max-image-preview":"max-image-preview:large","max-video-preview":"max-video-preview:-1"},"canonical":"https:\/\/mer-terre.org\/en\/caponlitter-interreg-europe-reduction-dechets\/","og_locale":"en_GB","og_type":"article","og_title":"Le projet europ\u00e9en Interreg CAPonLITTER : l\u2019intelligence collective au service de la diminution des d\u00e9chets sur nos plages - MerTerre","og_description":"Mercredi 29 janvier 2020, l\u2019association MerTerre animait la premi\u00e8re r\u00e9union de r\u00e9flexion en R\u00e9gion Sud en compagnie de partenaires sp\u00e9cialistes du sujet.","og_url":"https:\/\/mer-terre.org\/en\/caponlitter-interreg-europe-reduction-dechets\/","og_site_name":"MerTerre","article_published_time":"2023-03-13T14:10:32+00:00","article_modified_time":"2023-10-06T11:14:26+00:00","og_image":[{"width":1200,"height":800,"url":"https:\/\/mer-terre.org\/wp-content\/uploads\/2023\/01\/IMG_3106-1200x800-1.jpg","type":"image\/jpeg"}],"author":"Laurine Fouquereau","twitter_card":"summary_large_image","twitter_misc":{"Written by":"Laurine Fouquereau","Estimated reading time":"3 minutes"},"schema":{"@context":"https:\/\/schema.org","@graph":[{"@type":"Article","@id":"https:\/\/mer-terre.org\/caponlitter-interreg-europe-reduction-dechets\/#article","isPartOf":{"@id":"https:\/\/mer-terre.org\/caponlitter-interreg-europe-reduction-dechets\/"},"author":{"name":"Laurine Fouquereau","@id":"https:\/\/mer-terre.org\/#\/schema\/person\/caf15d0bcbeeac616d6ec711ccbb1b1b"},"headline":"Le projet europ\u00e9en Interreg CAPonLITTER : l\u2019intelligence collective au service de la diminution des d\u00e9chets sur nos plages","datePublished":"2023-03-13T14:10:32+00:00","dateModified":"2023-10-06T11:14:26+00:00","mainEntityOfPage":{"@id":"https:\/\/mer-terre.org\/caponlitter-interreg-europe-reduction-dechets\/"},"wordCount":565,"publisher":{"@id":"https:\/\/mer-terre.org\/#organization"},"image":{"@id":"https:\/\/mer-terre.org\/caponlitter-interreg-europe-reduction-dechets\/#primaryimage"},"thumbnailUrl":"https:\/\/mer-terre.org\/wp-content\/uploads\/2023\/01\/IMG_3106-1200x800-1.jpg","articleSection":["Accompagnement","\u00c9v\u00e8nements"],"inLanguage":"en-GB"},{"@type":"WebPage","@id":"https:\/\/mer-terre.org\/caponlitter-interreg-europe-reduction-dechets\/","url":"https:\/\/mer-terre.org\/caponlitter-interreg-europe-reduction-dechets\/","name":"Le projet europ\u00e9en Interreg CAPonLITTER : l\u2019intelligence collective au service de la diminution des d\u00e9chets sur nos plages - MerTerre","isPartOf":{"@id":"https:\/\/mer-terre.org\/#website"},"primaryImageOfPage":{"@id":"https:\/\/mer-terre.org\/caponlitter-interreg-europe-reduction-dechets\/#primaryimage"},"image":{"@id":"https:\/\/mer-terre.org\/caponlitter-interreg-europe-reduction-dechets\/#primaryimage"},"thumbnailUrl":"https:\/\/mer-terre.org\/wp-content\/uploads\/2023\/01\/IMG_3106-1200x800-1.jpg","datePublished":"2023-03-13T14:10:32+00:00","dateModified":"2023-10-06T11:14:26+00:00","description":"Mercredi 29 janvier 2020, l\u2019association MerTerre animait la premi\u00e8re r\u00e9union de r\u00e9flexion en R\u00e9gion Sud en compagnie de partenaires sp\u00e9cialistes du sujet.","breadcrumb":{"@id":"https:\/\/mer-terre.org\/caponlitter-interreg-europe-reduction-dechets\/#breadcrumb"},"inLanguage":"en-GB","potentialAction":[{"@type":"ReadAction","target":["https:\/\/mer-terre.org\/caponlitter-interreg-europe-reduction-dechets\/"]}]},{"@type":"ImageObject","inLanguage":"en-GB","@id":"https:\/\/mer-terre.org\/caponlitter-interreg-europe-reduction-dechets\/#primaryimage","url":"https:\/\/mer-terre.org\/wp-content\/uploads\/2023\/01\/IMG_3106-1200x800-1.jpg","contentUrl":"https:\/\/mer-terre.org\/wp-content\/uploads\/2023\/01\/IMG_3106-1200x800-1.jpg","width":1200,"height":800,"caption":"Workshop CAPonLITTER MerTerre"},{"@type":"BreadcrumbList","@id":"https:\/\/mer-terre.org\/caponlitter-interreg-europe-reduction-dechets\/#breadcrumb","itemListElement":[{"@type":"ListItem","position":1,"name":"Accueil","item":"https:\/\/mer-terre.org\/"},{"@type":"ListItem","position":2,"name":"Le projet europ\u00e9en Interreg CAPonLITTER : l\u2019intelligence collective au service de la diminution des d\u00e9chets sur nos plages"}]},{"@type":"WebSite","@id":"https:\/\/mer-terre.org\/#website","url":"https:\/\/mer-terre.org\/","name":"MerTerre","description":"Objectif Z\u00e9ro D\u00e9chet Marin","publisher":{"@id":"https:\/\/mer-terre.org\/#organization"},"potentialAction":[{"@type":"SearchAction","target":{"@type":"EntryPoint","urlTemplate":"https:\/\/mer-terre.org\/?s={search_term_string}"},"query-input":{"@type":"PropertyValueSpecification","valueRequired":true,"valueName":"search_term_string"}}],"inLanguage":"en-GB"},{"@type":"Organization","@id":"https:\/\/mer-terre.org\/#organization","name":"MerTerre","url":"https:\/\/mer-terre.org\/","logo":{"@type":"ImageObject","inLanguage":"en-GB","@id":"https:\/\/mer-terre.org\/#\/schema\/logo\/image\/","url":"https:\/\/mer-terre.org\/wp-content\/uploads\/2023\/01\/logo-hx1-5.png","contentUrl":"https:\/\/mer-terre.org\/wp-content\/uploads\/2023\/01\/logo-hx1-5.png","width":473,"height":157,"caption":"MerTerre"},"image":{"@id":"https:\/\/mer-terre.org\/#\/schema\/logo\/image\/"}},{"@type":"Person","@id":"https:\/\/mer-terre.org\/#\/schema\/person\/caf15d0bcbeeac616d6ec711ccbb1b1b","name":"Laurine Fouquereau","image":{"@type":"ImageObject","inLanguage":"en-GB","@id":"https:\/\/mer-terre.org\/#\/schema\/person\/image\/","url":"https:\/\/secure.gravatar.com\/avatar\/337e28efda9abf33a126e46dd1ef2d07f4c2174fa5f3890ba1ce73a1ab6c298d?s=96&d=mm&r=g","contentUrl":"https:\/\/secure.gravatar.com\/avatar\/337e28efda9abf33a126e46dd1ef2d07f4c2174fa5f3890ba1ce73a1ab6c298d?s=96&d=mm&r=g","caption":"Laurine Fouquereau"},"url":"https:\/\/mer-terre.org\/en\/author\/lfouquereau\/"}]}},"_links":{"self":[{"href":"https:\/\/mer-terre.org\/en\/wp-json\/wp\/v2\/posts\/3284","targetHints":{"allow":["GET"]}}],"collection":[{"href":"https:\/\/mer-terre.org\/en\/wp-json\/wp\/v2\/posts"}],"about":[{"href":"https:\/\/mer-terre.org\/en\/wp-json\/wp\/v2\/types\/post"}],"author":[{"embeddable":true,"href":"https:\/\/mer-terre.org\/en\/wp-json\/wp\/v2\/users\/6"}],"replies":[{"embeddable":true,"href":"https:\/\/mer-terre.org\/en\/wp-json\/wp\/v2\/comments?post=3284"}],"version-history":[{"count":0,"href":"https:\/\/mer-terre.org\/en\/wp-json\/wp\/v2\/posts\/3284\/revisions"}],"wp:featuredmedia":[{"embeddable":true,"href":"https:\/\/mer-terre.org\/en\/wp-json\/wp\/v2\/media\/3282"}],"wp:attachment":[{"href":"https:\/\/mer-terre.org\/en\/wp-json\/wp\/v2\/media?parent=3284"}],"wp:term":[{"taxonomy":"category","embeddable":true,"href":"https:\/\/mer-terre.org\/en\/wp-json\/wp\/v2\/categories?post=3284"},{"taxonomy":"post_tag","embeddable":true,"href":"https:\/\/mer-terre.org\/en\/wp-json\/wp\/v2\/tags?post=3284"}],"curies":[{"name":"wp","href":"https:\/\/api.w.org\/{rel}","templated":true}]}}