{"id":49242,"date":"2026-03-27T17:57:29","date_gmt":"2026-03-27T16:57:29","guid":{"rendered":"https:\/\/mer-terre.org\/?p=49242"},"modified":"2026-04-02T11:40:29","modified_gmt":"2026-04-02T09:40:29","slug":"calanques-propres-2026-haro-sur-les-megots","status":"publish","type":"post","link":"https:\/\/mer-terre.org\/en\/calanques-propres-2026-haro-sur-les-megots\/","title":{"rendered":"Calanques Propres 2026 : Haro sur les M\u00e9gots !"},"content":{"rendered":"<p data-start=\"186\" data-end=\"587\"><img fetchpriority=\"high\" decoding=\"async\" src=\"https:\/\/mer-terre.org\/wp-content\/uploads\/2026\/03\/Banner-site-1-1024x382.jpg\" sizes=\"(max-width: 800px) 100vw, 800px\" srcset=\"https:\/\/mer-terre.org\/wp-content\/uploads\/2026\/03\/Banner-site-1-1024x382.jpg 1024w, https:\/\/mer-terre.org\/wp-content\/uploads\/2026\/03\/Banner-site-1-300x112.jpg 300w, https:\/\/mer-terre.org\/wp-content\/uploads\/2026\/03\/Banner-site-1-768x287.jpg 768w, https:\/\/mer-terre.org\/wp-content\/uploads\/2026\/03\/Banner-site-1-1536x573.jpg 1536w, https:\/\/mer-terre.org\/wp-content\/uploads\/2026\/03\/Banner-site-1-2048x764.jpg 2048w, https:\/\/mer-terre.org\/wp-content\/uploads\/2026\/03\/Banner-site-1-18x7.jpg 18w\" alt=\"\" width=\"800\" height=\"298\" \/><\/p>\n<p data-start=\"186\" data-end=\"587\">Du 22 au 30 avril 2026 nous coordonnerons la 23\u1d49 \u00e9dition de <strong data-start=\"248\" data-end=\"269\">Calanques Propres<\/strong>, l\u2019une des plus grandes op\u00e9rations de nettoyage du littoral m\u00e9diterran\u00e9en. De la C\u00f4te Bleue \u00e0 La Ciotat, en passant par Marseille, Cassis, les vallons et les cours d\u2019eau, cette mobilisation d\u2019envergure rassemblera citoyens, associations, collectivit\u00e9s et entreprises engag\u00e9s pour la protection de notre environnement.<\/p>\n<p data-start=\"589\" data-end=\"810\">Cette ann\u00e9e, nous portons un focus particulier sur les m\u00e9gots de cigarettes \u2014 le d\u00e9chet le plus r\u00e9pandu dans l\u2019espace public, gr\u00e2ce \u00e0 un partenariat renforc\u00e9 avec Alcome et sa campagne nationale \u00ab Mon M\u00e9got O\u00f9 Il Faut \u00bb.<\/p>\n<h2 data-section-id=\"1fvurh9\" data-start=\"581\" data-end=\"621\">Une action citoyenne et scientifique<\/h2>\n<p data-start=\"920\" data-end=\"1051\">Depuis les ann\u00e9es 1990, Calanques Propres agit \u00e0 la crois\u00e9e de l\u2019engagement citoyen et de la production de donn\u00e9es scientifiques.<\/p>\n<p data-start=\"1053\" data-end=\"1237\">Chaque op\u00e9ration de ramassage est aussi une action de <strong data-start=\"1107\" data-end=\"1138\">caract\u00e9risation des d\u00e9chets<\/strong>, permettant de mieux comprendre leur nature, leur origine et leur dispersion dans l\u2019environnement.<\/p>\n<p data-start=\"1239\" data-end=\"1430\">Les donn\u00e9es collect\u00e9es sont int\u00e9gr\u00e9es \u00e0 notre plateforme scientifique <strong data-start=\"1309\" data-end=\"1340\">ReMed \/ Z\u00e9ro D\u00e9chet Sauvage<\/strong>, d\u00e9velopp\u00e9e avec le soutien de partenaires publics et scientifiques. Elles permettent :<\/p>\n<ul data-start=\"1431\" data-end=\"1607\">\n<li data-section-id=\"zkxur\" data-start=\"1431\" data-end=\"1480\">d\u2019alimenter des analyses et des cartographies<\/li>\n<li data-section-id=\"1kfehww\" data-start=\"1481\" data-end=\"1521\">de suivre l\u2019\u00e9volution des pollutions<\/li>\n<li data-section-id=\"1ust9z8\" data-start=\"1522\" data-end=\"1567\">de formuler des recommandations concr\u00e8tes<\/li>\n<li data-section-id=\"4c7b06\" data-start=\"1568\" data-end=\"1607\">d\u2019orienter les politiques publiques<\/li>\n<\/ul>\n<h3 data-section-id=\"1mxg1t7\" data-start=\"1609\" data-end=\"1625\">Bilan 2025<\/h3>\n<ul data-start=\"1626\" data-end=\"1701\">\n<li data-section-id=\"inix2f\" data-start=\"1626\" data-end=\"1648\">1 200 participants<\/li>\n<li data-section-id=\"1mxlwny\" data-start=\"1649\" data-end=\"1675\">50 structures engag\u00e9es<\/li>\n<li data-section-id=\"1jzemgi\" data-start=\"1676\" data-end=\"1701\">28 zones de ramassage<\/li>\n<\/ul>\n<p>&nbsp;<\/p>\n<p data-start=\"1703\" data-end=\"1935\">Les r\u00e9sultats confirment une tendance pr\u00e9occupante :<br data-start=\"1755\" data-end=\"1758\" \/>les plastiques repr\u00e9sentaient <strong data-start=\"1788\" data-end=\"1818\">27 % des d\u00e9chets collect\u00e9s<\/strong>, et les m\u00e9gots figuraient parmi les d\u00e9chets les plus fr\u00e9quents, aux c\u00f4t\u00e9s des bouteilles en verre et des emballages.<\/p>\n<h2 data-section-id=\"zy33ev\" data-start=\"1358\" data-end=\"1398\">Th\u00e8me 2026 : \u00ab Haro sur les M\u00e9gots \u00bb<\/h2>\n<p data-start=\"1910\" data-end=\"1998\">Le m\u00e9got est aujourd\u2019hui le d\u00e9chet le plus abandonn\u00e9 dans l\u2019environnement. En France :<\/p>\n<ul data-start=\"1999\" data-end=\"2317\">\n<li data-section-id=\"rcsphd\" data-start=\"1999\" data-end=\"2054\">56 % des fumeurs jettent encore leurs m\u00e9gots au sol<\/li>\n<li data-section-id=\"nk7joz\" data-start=\"2055\" data-end=\"2118\">On compte en moyenne 1,3 m\u00e9got tous les 10 m\u00e8tres de voirie<\/li>\n<li data-section-id=\"sog0ag\" data-start=\"2119\" data-end=\"2218\">Le filtre, compos\u00e9 d\u2019ac\u00e9tate de cellulose (plastique), peut mettre jusqu\u2019\u00e0 10 ans \u00e0 se fragmenter<\/li>\n<li data-section-id=\"me07s2\" data-start=\"2219\" data-end=\"2317\">Il lib\u00e8re des substances toxiques qui contaminent les sols, les cours d\u2019eau et le milieu marin<\/li>\n<\/ul>\n<p>&nbsp;<\/p>\n<p data-start=\"2319\" data-end=\"2547\">Sur le terrain, nos op\u00e9rations de caract\u00e9risation confirment cette r\u00e9alit\u00e9 : les m\u00e9gots sont omnipr\u00e9sents, y compris dans des zones naturelles prot\u00e9g\u00e9es. Ils repr\u00e9sentent un enjeu environnemental, sanitaire et esth\u00e9tique majeur.<\/p>\n<h2 data-start=\"1400\" data-end=\"1493\">Le r\u00f4le des structures participantes<\/h2>\n<p data-start=\"185\" data-end=\"421\">Les associations et structures locales sont au c\u0153ur de Calanques Propres. Leur engagement sur le terrain permet \u00e0 la fois d\u2019agir concr\u00e8tement contre les d\u00e9chets sauvages et de produire une connaissance pr\u00e9cieuse pour mieux les pr\u00e9venir.<\/p>\n<p data-start=\"423\" data-end=\"476\">Elles interviennent \u00e0 chaque \u00e9tape de l\u2019op\u00e9ration :<\/p>\n<ul data-start=\"478\" data-end=\"910\">\n<li data-section-id=\"7ce2bz\" data-start=\"478\" data-end=\"587\"><strong data-start=\"480\" data-end=\"506\">Sensibiliser le public<\/strong> lors des briefings, en relayant les messages cl\u00e9s, notamment autour des m\u00e9gots<\/li>\n<li data-section-id=\"1jk871e\" data-start=\"588\" data-end=\"660\"><strong data-start=\"590\" data-end=\"630\">Organiser et encadrer les ramassages<\/strong> sur leurs zones de collecte<\/li>\n<li data-section-id=\"1detrov\" data-start=\"661\" data-end=\"734\"><strong data-start=\"663\" data-end=\"700\">Trier et caract\u00e9riser les d\u00e9chets<\/strong> selon le protocole scientifique<\/li>\n<li data-section-id=\"1e3d4g5\" data-start=\"735\" data-end=\"825\"><strong data-start=\"737\" data-end=\"788\">Participer au comptage et \u00e0 la pes\u00e9e des m\u00e9gots<\/strong>, sp\u00e9cifiquement lors de cette \u00e9dition<\/li>\n<li data-section-id=\"dhsz7l\" data-start=\"826\" data-end=\"910\"><strong data-start=\"828\" data-end=\"861\">Saisir les donn\u00e9es collect\u00e9es<\/strong> dans la plateforme <a href=\"https:\/\/remed.zero-dechet-sauvage.org\/\">Z\u00e9ro D\u00e9chet Sauvage \/ ReMed<\/a><\/li>\n<\/ul>\n<p data-start=\"912\" data-end=\"1123\">Au-del\u00e0 de leur r\u00f4le op\u00e9rationnel, elles sont de v\u00e9ritables <strong data-start=\"972\" data-end=\"1004\">ambassadrices de la campagne<\/strong>, capables de relayer les messages de sensibilisation aupr\u00e8s de leurs communaut\u00e9s et d\u2019inscrire l\u2019action dans la dur\u00e9e.<\/p>\n<p data-start=\"1125\" data-end=\"1257\"><strong data-start=\"1125\" data-end=\"1257\">Ensemble, continuons \u00e0 nettoyer, caract\u00e9riser et produire de la donn\u00e9e pour prot\u00e9ger durablement le littoral et les \u00e9cosyst\u00e8mes.<\/strong><\/p>\n<h3 data-section-id=\"1rsbq2v\" data-start=\"3805\" data-end=\"3860\">Une mobilisation collective sur tout le territoire<\/h3>\n<p data-start=\"3862\" data-end=\"4089\">Cette programmation illustre l\u2019ampleur de la mobilisation : des dizaines de structures engag\u00e9es, une diversit\u00e9 de terrains (littoral, calanques, zones urbaines, cours d\u2019eau) et une action coordonn\u00e9e \u00e0 l\u2019\u00e9chelle du territoire.<\/p>\n<p data-start=\"4091\" data-end=\"4264\">Chaque zone nettoy\u00e9e, chaque d\u00e9chet caract\u00e9ris\u00e9, chaque m\u00e9got compt\u00e9 contribue \u00e0 une meilleure compr\u00e9hension de la pollution et \u00e0 des actions plus efficaces pour la r\u00e9duire.<\/p>\n<h3 data-start=\"4091\" data-end=\"4264\">Rendez-vous \u00e0 l&rsquo;Anse de la Maronaise avec Merterre<\/h3>\n<p data-start=\"63\" data-end=\"366\">Chaque ann\u00e9e, nous nous mobilisons \u00e0 l\u2019Anse de la Maronaise aux c\u00f4t\u00e9s de nombreux acteurs engag\u00e9s (MerTerre, Reloop, Recyclop, Parc national des Calanques, Infostrates, les Excursionnistes Marseillais, ATSCAF Plong\u00e9e, Boud\u2019Mer, le Tennis Club F\u00eate Le Mur Marseille, le Groupe Accor, 13 Envie de Sport\u2026).<\/p>\n<p data-start=\"368\" data-end=\"428\">\ud83d\udcc5 <strong data-start=\"371\" data-end=\"426\">Samedi 25 avril 2026 \u2013 Anse de la Maronaise (13008)<\/strong><\/p>\n<ul data-start=\"430\" data-end=\"771\">\n<li data-section-id=\"16u3u0w\" data-start=\"430\" data-end=\"497\"><strong data-start=\"432\" data-end=\"447\">8h30 \u2013 9h00<\/strong> : D\u00e9but des ramassages sur l\u2019ensemble des sites<\/li>\n<li data-section-id=\"efpl69\" data-start=\"498\" data-end=\"620\"><strong data-start=\"500\" data-end=\"509\">11h45<\/strong> : Point presse<br data-start=\"524\" data-end=\"527\" \/>En pr\u00e9sence d\u2019Isabelle Poitou, directrice de MerTerre, et des partenaires institutionnels<\/li>\n<li data-section-id=\"1jpdjkg\" data-start=\"621\" data-end=\"727\"><strong data-start=\"623\" data-end=\"632\">12h00<\/strong> : Caract\u00e9risation des d\u00e9chets : tri, pes\u00e9e et analyse<br data-start=\"686\" data-end=\"689\" \/><em data-start=\"691\" data-end=\"725\">Focus m\u00e9gots : comptage et pes\u00e9e<\/em><\/li>\n<li data-section-id=\"97c06f\" data-start=\"728\" data-end=\"771\"><strong data-start=\"730\" data-end=\"751\">\u00c0 partir de 12h00<\/strong> : Verre de l\u2019amiti\u00e9<\/li>\n<\/ul>\n<h3>Programme des op\u00e9rations 2026<\/h3>\n<table style=\"height: 2710px;\" width=\"1461\">\n<tbody>\n<tr>\n<td>\n<p style=\"text-align: center;\"><strong>DATE<\/strong><\/p>\n<\/td>\n<td>\n<p style=\"text-align: center;\"><strong>STRUCTURE<\/strong><\/p>\n<\/td>\n<td>\n<p style=\"text-align: center;\"><strong>ZONE DE COLLECTE<\/strong><\/p>\n<\/td>\n<td>\n<p style=\"text-align: center;\"><strong>COMMUNE<\/strong><\/p>\n<\/td>\n<\/tr>\n<tr>\n<td><b>MERCREDI 22 AVRIL<\/b><\/td>\n<td>ApCAR Association pour la Cit\u00e9 des Art de la Rue<\/td>\n<td>Cit\u00e9 des Arts de la Rue<\/td>\n<td>Marseille<\/td>\n<\/tr>\n<tr>\n<td><b>VENDREDI 24 AVRIL<\/b><\/td>\n<td>Jardinot PACA<\/td>\n<td>Le ruisseau des Aygalades, Centre de transfert des d\u00e9chets \/ Jardins de Jardinot<\/td>\n<td>Marseille<\/td>\n<\/tr>\n<tr>\n<td><b>SAMEDI <\/b><b><br \/>\n<\/b><b>25 AVRIL<\/b><\/td>\n<td>Ville d Marugnane<\/td>\n<td>Bolmon<\/td>\n<td>Marignane<\/td>\n<\/tr>\n<tr>\n<td rowspan=\"10\"><b>SAMEDI <\/b><b><br \/>\n<\/b><b>25 AVRIL<\/b><\/td>\n<td>Soci\u00e9t\u00e9 Nautique de Couronne Vieille (SNCV) \/ CIQ Couronne Vieille<\/td>\n<td>Couronne Vieille<\/td>\n<td>Martigues<\/td>\n<\/tr>\n<tr>\n<td>CIQ Notre Dame Limite<\/td>\n<td>Fleuve Caravelle\/Aygalades au niveau du parking Piacenza Notre dame Limite<\/td>\n<td rowspan=\"4\">Sept\u00e8mes-les-<\/p>\n<p>Vallons<\/td>\n<\/tr>\n<tr>\n<td>Mairie de Sept\u00e8mes-les-Vallons<\/td>\n<td rowspan=\"3\">Notre Dame Limite<\/td>\n<\/tr>\n<tr>\n<td>Espace Jeune Sept\u00e8mes-les-Vallons<\/td>\n<\/tr>\n<tr>\n<td>Centre Social Gavotte Peyret<\/td>\n<\/tr>\n<tr>\n<td>Collectif Faites le Grande Estaque avec Nous!<\/td>\n<td>Quai de la lave<\/td>\n<td rowspan=\"5\">Marseille<\/td>\n<\/tr>\n<tr>\n<td>Association Marseillaise d&rsquo;Apn\u00e9e (AMA)<\/td>\n<td><\/td>\n<\/tr>\n<tr>\n<td>Le Naturoscope<\/td>\n<td>Plage du Proph\u00e8te<\/td>\n<\/tr>\n<tr>\n<td>Wings of the Ocean<\/td>\n<td>Anse du Pharo<\/td>\n<\/tr>\n<tr>\n<td>CIQ Sam\u00e9na<\/td>\n<td>Alentours de la calanques du Mauvais Pas<\/td>\n<\/tr>\n<tr>\n<td rowspan=\"22\"><b>SAMEDI<\/b><b><br \/>\n<\/b><b>25 AVRIL<\/b><\/td>\n<td>Voile des Suds<\/td>\n<td>plages du Prado<\/td>\n<td rowspan=\"6\">Marseille<\/td>\n<\/tr>\n<tr>\n<td>Green Sailing Generation<\/td>\n<td>Club de voile (YCPR, ASPTT, La Pelle)<\/td>\n<\/tr>\n<tr>\n<td>Club Nautique Proven\u00e7al Recherche Scientifique (CNPRS)<\/td>\n<td>Port de la pointe Rouge, M\u00f4le sud<\/td>\n<\/tr>\n<tr>\n<td>Septentrion Environnement<\/td>\n<td>Selon m\u00e9t\u00e9o du jour : \u00eele Ma\u00efre\/Frioul\/plage de la Bonne Brise<\/td>\n<\/tr>\n<tr>\n<td>Association des Plaisanciers Ind\u00e9pendants de la Pointe Rouge (APIPR)<\/td>\n<td>Port de la Pointe Rouge<\/td>\n<\/tr>\n<tr>\n<td>ASSE Subaquatique<\/td>\n<td>Zone littorale entre Montredon et les goudes<\/td>\n<\/tr>\n<tr>\n<td>Team Oxygen<\/td>\n<td>Port des Goudes<\/td>\n<td rowspan=\"15\">Marseille<\/td>\n<\/tr>\n<tr>\n<td>MerTerre<\/td>\n<td rowspan=\"11\">Anse de la Maronaise<\/td>\n<\/tr>\n<tr>\n<td>Reloop<\/td>\n<\/tr>\n<tr>\n<td>Recyclop<\/td>\n<\/tr>\n<tr>\n<td>Parc national des Calanques<\/td>\n<\/tr>\n<tr>\n<td>Infostrates<\/td>\n<\/tr>\n<tr>\n<td>Les Excursionnistes Marseillais<\/td>\n<\/tr>\n<tr>\n<td>ATSCAF Plong\u00e9e<\/td>\n<\/tr>\n<tr>\n<td>Boud&rsquo;Mer<\/td>\n<\/tr>\n<tr>\n<td>Tennis Club F\u00eate Le Mur Marseille (TCFLMM)<\/td>\n<\/tr>\n<tr>\n<td>Groupe Accor<\/td>\n<\/tr>\n<tr>\n<td>13 Envie de Sport<\/td>\n<\/tr>\n<tr>\n<td>Club Subaquatique des Pennes Mirabeau<\/td>\n<td rowspan=\"2\">Callelongue, \u00e0 terre et en mer<\/td>\n<\/tr>\n<tr>\n<td>Marseille Sports Loisirs Culture<\/td>\n<\/tr>\n<tr>\n<td>Club Alpin Fran\u00e7ais Marseille Provence (CAF MP)<\/td>\n<td>Callelongue : le long d&rsquo;une route menant \u00e0 une petite plage<\/td>\n<\/tr>\n<tr>\n<td>Atelier Bleu &#8211; CPIE C\u00f4te Proven\u00e7ale<\/td>\n<td>Plage + Parc du Mugel<\/td>\n<td>La Ciotat<\/td>\n<\/tr>\n<tr>\n<td rowspan=\"2\"><b>DIMANCHE 26 AVRIL<\/b><\/td>\n<td>1 D\u00e9chet par Jour et Mer Veille<\/td>\n<td>Petit port de la Madrague, \u00e0 terre et en mer<\/td>\n<td rowspan=\"3\">Marseille<\/td>\n<\/tr>\n<tr>\n<td>Clean my Calanques<\/td>\n<td>Jardin partag\u00e9 le belv\u00e9d\u00e8re, la Viste<\/td>\n<\/tr>\n<tr>\n<td><b>JEUDI\u00a0<\/b><\/p>\n<p><b>30 AVRIL<\/b><\/td>\n<td>Aire Marine Educative (AME) Batterie-Bain des Dames Ecole<\/td>\n<td>Plages de la batterie et du Bain des dames<\/td>\n<\/tr>\n<tr>\n<td><b>SAMEDI<\/b><\/p>\n<p><b>6 JUIN<\/b><\/td>\n<td>Mairie d&rsquo;Ensu\u00e8s-la-Redonne<\/td>\n<td>Calanque de la Redonne<br \/>\nCalanque de la Madrague de Gignac<br \/>\nCalanque de Figui\u00e8res<br \/>\nCalanque de Petit M\u00e9jean<br \/>\nCalanque de Grand M\u00e9jean<br \/>\nBoulodrome municipal<br \/>\nPoint \u00e0 d\u00e9terminer \u00e0 proximit\u00e9 d&rsquo;un espace bois\u00e9<\/td>\n<td>Ensu\u00e8s-la-<\/p>\n<p>Redonne<\/td>\n<\/tr>\n<\/tbody>\n<\/table>\n<h2>Our partners<\/h2>\n<p data-start=\"88\" data-end=\"412\">Cette mobilisation n\u2019aurait pas lieu sans le soutien de l\u2019ensemble de nos partenaires : la Ville de Marseille, la M\u00e9tropole Aix-Marseille-Provence, la R\u00e9gion Sud Provence-Alpes-C\u00f4te d\u2019Azur, le Parc national des Calanques, ainsi que Marseille Horizon, \u00e0 l\u2019initiative de l\u2019op\u00e9ration Calanques Propres.<\/p>\n<p data-start=\"414\" data-end=\"443\">Nous remercions \u00e9galement :<\/p>\n<ul data-start=\"444\" data-end=\"730\">\n<li data-section-id=\"ms9m7d\" data-start=\"444\" data-end=\"482\">Reloop pour son soutien financier,<\/li>\n<li data-section-id=\"1vgi3bx\" data-start=\"552\" data-end=\"643\">Recyclop pour son implication dans la revalorisation des m\u00e9gots de cigarette collect\u00e9s,<\/li>\n<li data-section-id=\"1p800wt\" data-start=\"644\" data-end=\"730\">l\u2019entreprise Rostaing, qui \u00e9quipe depuis plusieurs ann\u00e9es les participants en gants.<\/li>\n<\/ul>\n<p data-start=\"732\" data-end=\"849\">Merci aussi aux m\u00e9c\u00e8nes de l\u2019op\u00e9ration, dont Stanley\/Stella et Numaprint, pour le don de t-shirts et leur impression.<\/p>\n<p data-start=\"851\" data-end=\"1021\">Cette ann\u00e9e, nous avons fait le choix de t-shirts en coton recycl\u00e9, labellis\u00e9s GOTS. Nous sommes heureux de collaborer avec eux autour de cette d\u00e9marche plus responsable.<\/p>\n<p data-start=\"851\" data-end=\"1021\">","protected":false},"excerpt":{"rendered":"<p>Du 22 au 30 avril 2026 nous coordonnerons la 23\u1d49 \u00e9dition de Calanques Propres, l\u2019une des plus grandes op\u00e9rations de nettoyage du littoral m\u00e9diterran\u00e9en. De la C\u00f4te Bleue \u00e0 La Ciotat, en passant par Marseille, Cassis, les vallons et les cours d\u2019eau, cette mobilisation d\u2019envergure rassemblera citoyens, associations, collectivit\u00e9s et entreprises engag\u00e9s pour la protection [&hellip;]<\/p>","protected":false},"author":7,"featured_media":0,"comment_status":"closed","ping_status":"open","sticky":false,"template":"","format":"standard","meta":{"_acf_changed":false,"_mo_disable_npp":"","footnotes":""},"categories":[7],"tags":[],"class_list":["post-49242","post","type-post","status-publish","format-standard","hentry","category-evenements"],"acf":[],"yoast_head":"<!-- This site is optimized with the Yoast SEO plugin v26.0 - https:\/\/yoast.com\/wordpress\/plugins\/seo\/ -->\n<title>Calanques Propres 2026 : Haro sur les M\u00e9gots ! - MerTerre<\/title>\n<meta name=\"description\" content=\"Calanques Propres 2026 : rejoignez l\u2019op\u00e9ration de nettoyage du littoral m\u00e9diterran\u00e9en le 25 avril et agissons ensemble contre les m\u00e9gots et les d\u00e9chets sauvages.\" \/>\n<meta name=\"robots\" content=\"index, follow, max-snippet:-1, max-image-preview:large, max-video-preview:-1\" \/>\n<link rel=\"canonical\" href=\"https:\/\/mer-terre.org\/en\/calanques-propres-2026-haro-sur-les-megots\/\" \/>\n<meta property=\"og:locale\" content=\"en_GB\" \/>\n<meta property=\"og:type\" content=\"article\" \/>\n<meta property=\"og:title\" content=\"Calanques Propres 2026 : Haro sur les M\u00e9gots ! - MerTerre\" \/>\n<meta property=\"og:description\" content=\"Calanques Propres 2026 : rejoignez l\u2019op\u00e9ration de nettoyage du littoral m\u00e9diterran\u00e9en le 25 avril et agissons ensemble contre les m\u00e9gots et les d\u00e9chets sauvages.\" \/>\n<meta property=\"og:url\" content=\"https:\/\/mer-terre.org\/en\/calanques-propres-2026-haro-sur-les-megots\/\" \/>\n<meta property=\"og:site_name\" content=\"MerTerre\" \/>\n<meta property=\"article:published_time\" content=\"2026-03-27T16:57:29+00:00\" \/>\n<meta property=\"article:modified_time\" content=\"2026-04-02T09:40:29+00:00\" \/>\n<meta property=\"og:image\" content=\"https:\/\/mer-terre.org\/wp-content\/uploads\/2026\/03\/Banner-site-1-1024x382.jpg\" \/>\n<meta name=\"author\" content=\"Association Merterre\" \/>\n<meta name=\"twitter:card\" content=\"summary_large_image\" \/>\n<meta name=\"twitter:label1\" content=\"Written by\" \/>\n\t<meta name=\"twitter:data1\" content=\"Association Merterre\" \/>\n\t<meta name=\"twitter:label2\" content=\"Estimated reading time\" \/>\n\t<meta name=\"twitter:data2\" content=\"7 minutes\" \/>\n<script type=\"application\/ld+json\" class=\"yoast-schema-graph\">{\"@context\":\"https:\/\/schema.org\",\"@graph\":[{\"@type\":\"Article\",\"@id\":\"https:\/\/mer-terre.org\/calanques-propres-2026-haro-sur-les-megots\/#article\",\"isPartOf\":{\"@id\":\"https:\/\/mer-terre.org\/calanques-propres-2026-haro-sur-les-megots\/\"},\"author\":{\"name\":\"Association Merterre\",\"@id\":\"https:\/\/mer-terre.org\/#\/schema\/person\/ae88e37f692a8ce8515bb7471b8f3edb\"},\"headline\":\"Calanques Propres 2026 : Haro sur les M\u00e9gots !\",\"datePublished\":\"2026-03-27T16:57:29+00:00\",\"dateModified\":\"2026-04-02T09:40:29+00:00\",\"mainEntityOfPage\":{\"@id\":\"https:\/\/mer-terre.org\/calanques-propres-2026-haro-sur-les-megots\/\"},\"wordCount\":1292,\"publisher\":{\"@id\":\"https:\/\/mer-terre.org\/#organization\"},\"image\":{\"@id\":\"https:\/\/mer-terre.org\/calanques-propres-2026-haro-sur-les-megots\/#primaryimage\"},\"thumbnailUrl\":\"https:\/\/mer-terre.org\/wp-content\/uploads\/2026\/03\/Banner-site-1-1024x382.jpg\",\"articleSection\":[\"\u00c9v\u00e8nements\"],\"inLanguage\":\"en-GB\"},{\"@type\":\"WebPage\",\"@id\":\"https:\/\/mer-terre.org\/calanques-propres-2026-haro-sur-les-megots\/\",\"url\":\"https:\/\/mer-terre.org\/calanques-propres-2026-haro-sur-les-megots\/\",\"name\":\"Calanques Propres 2026 : Haro sur les M\u00e9gots ! - MerTerre\",\"isPartOf\":{\"@id\":\"https:\/\/mer-terre.org\/#website\"},\"primaryImageOfPage\":{\"@id\":\"https:\/\/mer-terre.org\/calanques-propres-2026-haro-sur-les-megots\/#primaryimage\"},\"image\":{\"@id\":\"https:\/\/mer-terre.org\/calanques-propres-2026-haro-sur-les-megots\/#primaryimage\"},\"thumbnailUrl\":\"https:\/\/mer-terre.org\/wp-content\/uploads\/2026\/03\/Banner-site-1-1024x382.jpg\",\"datePublished\":\"2026-03-27T16:57:29+00:00\",\"dateModified\":\"2026-04-02T09:40:29+00:00\",\"description\":\"Calanques Propres 2026 : rejoignez l\u2019op\u00e9ration de nettoyage du littoral m\u00e9diterran\u00e9en le 25 avril et agissons ensemble contre les m\u00e9gots et les d\u00e9chets sauvages.\",\"breadcrumb\":{\"@id\":\"https:\/\/mer-terre.org\/calanques-propres-2026-haro-sur-les-megots\/#breadcrumb\"},\"inLanguage\":\"en-GB\",\"potentialAction\":[{\"@type\":\"ReadAction\",\"target\":[\"https:\/\/mer-terre.org\/calanques-propres-2026-haro-sur-les-megots\/\"]}]},{\"@type\":\"ImageObject\",\"inLanguage\":\"en-GB\",\"@id\":\"https:\/\/mer-terre.org\/calanques-propres-2026-haro-sur-les-megots\/#primaryimage\",\"url\":\"https:\/\/mer-terre.org\/wp-content\/uploads\/2026\/03\/Banner-site-1-1024x382.jpg\",\"contentUrl\":\"https:\/\/mer-terre.org\/wp-content\/uploads\/2026\/03\/Banner-site-1-1024x382.jpg\"},{\"@type\":\"BreadcrumbList\",\"@id\":\"https:\/\/mer-terre.org\/calanques-propres-2026-haro-sur-les-megots\/#breadcrumb\",\"itemListElement\":[{\"@type\":\"ListItem\",\"position\":1,\"name\":\"Accueil\",\"item\":\"https:\/\/mer-terre.org\/\"},{\"@type\":\"ListItem\",\"position\":2,\"name\":\"Calanques Propres 2026 : Haro sur les M\u00e9gots !\"}]},{\"@type\":\"WebSite\",\"@id\":\"https:\/\/mer-terre.org\/#website\",\"url\":\"https:\/\/mer-terre.org\/\",\"name\":\"MerTerre\",\"description\":\"Objectif Z\u00e9ro D\u00e9chet Marin\",\"publisher\":{\"@id\":\"https:\/\/mer-terre.org\/#organization\"},\"potentialAction\":[{\"@type\":\"SearchAction\",\"target\":{\"@type\":\"EntryPoint\",\"urlTemplate\":\"https:\/\/mer-terre.org\/?s={search_term_string}\"},\"query-input\":{\"@type\":\"PropertyValueSpecification\",\"valueRequired\":true,\"valueName\":\"search_term_string\"}}],\"inLanguage\":\"en-GB\"},{\"@type\":\"Organization\",\"@id\":\"https:\/\/mer-terre.org\/#organization\",\"name\":\"MerTerre\",\"url\":\"https:\/\/mer-terre.org\/\",\"logo\":{\"@type\":\"ImageObject\",\"inLanguage\":\"en-GB\",\"@id\":\"https:\/\/mer-terre.org\/#\/schema\/logo\/image\/\",\"url\":\"https:\/\/mer-terre.org\/wp-content\/uploads\/2023\/01\/logo-hx1-5.png\",\"contentUrl\":\"https:\/\/mer-terre.org\/wp-content\/uploads\/2023\/01\/logo-hx1-5.png\",\"width\":473,\"height\":157,\"caption\":\"MerTerre\"},\"image\":{\"@id\":\"https:\/\/mer-terre.org\/#\/schema\/logo\/image\/\"}},{\"@type\":\"Person\",\"@id\":\"https:\/\/mer-terre.org\/#\/schema\/person\/ae88e37f692a8ce8515bb7471b8f3edb\",\"name\":\"Association Merterre\",\"image\":{\"@type\":\"ImageObject\",\"inLanguage\":\"en-GB\",\"@id\":\"https:\/\/mer-terre.org\/#\/schema\/person\/image\/\",\"url\":\"https:\/\/secure.gravatar.com\/avatar\/6776a53b7d9d435968e3e4691e3f749bc1744f1cd3c9558dbabb7e25a1adc53b?s=96&d=mm&r=g\",\"contentUrl\":\"https:\/\/secure.gravatar.com\/avatar\/6776a53b7d9d435968e3e4691e3f749bc1744f1cd3c9558dbabb7e25a1adc53b?s=96&d=mm&r=g\",\"caption\":\"Association Merterre\"},\"url\":\"https:\/\/mer-terre.org\/en\/author\/admin_assomerterre\/\"}]}<\/script>\n<!-- \/ Yoast SEO plugin. -->","yoast_head_json":{"title":"Calanques Propres 2026 : Haro sur les M\u00e9gots ! - MerTerre","description":"Calanques Propres 2026 : rejoignez l\u2019op\u00e9ration de nettoyage du littoral m\u00e9diterran\u00e9en le 25 avril et agissons ensemble contre les m\u00e9gots et les d\u00e9chets sauvages.","robots":{"index":"index","follow":"follow","max-snippet":"max-snippet:-1","max-image-preview":"max-image-preview:large","max-video-preview":"max-video-preview:-1"},"canonical":"https:\/\/mer-terre.org\/en\/calanques-propres-2026-haro-sur-les-megots\/","og_locale":"en_GB","og_type":"article","og_title":"Calanques Propres 2026 : Haro sur les M\u00e9gots ! - MerTerre","og_description":"Calanques Propres 2026 : rejoignez l\u2019op\u00e9ration de nettoyage du littoral m\u00e9diterran\u00e9en le 25 avril et agissons ensemble contre les m\u00e9gots et les d\u00e9chets sauvages.","og_url":"https:\/\/mer-terre.org\/en\/calanques-propres-2026-haro-sur-les-megots\/","og_site_name":"MerTerre","article_published_time":"2026-03-27T16:57:29+00:00","article_modified_time":"2026-04-02T09:40:29+00:00","og_image":[{"url":"https:\/\/mer-terre.org\/wp-content\/uploads\/2026\/03\/Banner-site-1-1024x382.jpg","type":"","width":"","height":""}],"author":"Association Merterre","twitter_card":"summary_large_image","twitter_misc":{"Written by":"Association Merterre","Estimated reading time":"7 minutes"},"schema":{"@context":"https:\/\/schema.org","@graph":[{"@type":"Article","@id":"https:\/\/mer-terre.org\/calanques-propres-2026-haro-sur-les-megots\/#article","isPartOf":{"@id":"https:\/\/mer-terre.org\/calanques-propres-2026-haro-sur-les-megots\/"},"author":{"name":"Association Merterre","@id":"https:\/\/mer-terre.org\/#\/schema\/person\/ae88e37f692a8ce8515bb7471b8f3edb"},"headline":"Calanques Propres 2026 : Haro sur les M\u00e9gots !","datePublished":"2026-03-27T16:57:29+00:00","dateModified":"2026-04-02T09:40:29+00:00","mainEntityOfPage":{"@id":"https:\/\/mer-terre.org\/calanques-propres-2026-haro-sur-les-megots\/"},"wordCount":1292,"publisher":{"@id":"https:\/\/mer-terre.org\/#organization"},"image":{"@id":"https:\/\/mer-terre.org\/calanques-propres-2026-haro-sur-les-megots\/#primaryimage"},"thumbnailUrl":"https:\/\/mer-terre.org\/wp-content\/uploads\/2026\/03\/Banner-site-1-1024x382.jpg","articleSection":["\u00c9v\u00e8nements"],"inLanguage":"en-GB"},{"@type":"WebPage","@id":"https:\/\/mer-terre.org\/calanques-propres-2026-haro-sur-les-megots\/","url":"https:\/\/mer-terre.org\/calanques-propres-2026-haro-sur-les-megots\/","name":"Calanques Propres 2026 : Haro sur les M\u00e9gots ! - MerTerre","isPartOf":{"@id":"https:\/\/mer-terre.org\/#website"},"primaryImageOfPage":{"@id":"https:\/\/mer-terre.org\/calanques-propres-2026-haro-sur-les-megots\/#primaryimage"},"image":{"@id":"https:\/\/mer-terre.org\/calanques-propres-2026-haro-sur-les-megots\/#primaryimage"},"thumbnailUrl":"https:\/\/mer-terre.org\/wp-content\/uploads\/2026\/03\/Banner-site-1-1024x382.jpg","datePublished":"2026-03-27T16:57:29+00:00","dateModified":"2026-04-02T09:40:29+00:00","description":"Calanques Propres 2026 : rejoignez l\u2019op\u00e9ration de nettoyage du littoral m\u00e9diterran\u00e9en le 25 avril et agissons ensemble contre les m\u00e9gots et les d\u00e9chets sauvages.","breadcrumb":{"@id":"https:\/\/mer-terre.org\/calanques-propres-2026-haro-sur-les-megots\/#breadcrumb"},"inLanguage":"en-GB","potentialAction":[{"@type":"ReadAction","target":["https:\/\/mer-terre.org\/calanques-propres-2026-haro-sur-les-megots\/"]}]},{"@type":"ImageObject","inLanguage":"en-GB","@id":"https:\/\/mer-terre.org\/calanques-propres-2026-haro-sur-les-megots\/#primaryimage","url":"https:\/\/mer-terre.org\/wp-content\/uploads\/2026\/03\/Banner-site-1-1024x382.jpg","contentUrl":"https:\/\/mer-terre.org\/wp-content\/uploads\/2026\/03\/Banner-site-1-1024x382.jpg"},{"@type":"BreadcrumbList","@id":"https:\/\/mer-terre.org\/calanques-propres-2026-haro-sur-les-megots\/#breadcrumb","itemListElement":[{"@type":"ListItem","position":1,"name":"Accueil","item":"https:\/\/mer-terre.org\/"},{"@type":"ListItem","position":2,"name":"Calanques Propres 2026 : Haro sur les M\u00e9gots !"}]},{"@type":"WebSite","@id":"https:\/\/mer-terre.org\/#website","url":"https:\/\/mer-terre.org\/","name":"MerTerre","description":"Objectif Z\u00e9ro D\u00e9chet Marin","publisher":{"@id":"https:\/\/mer-terre.org\/#organization"},"potentialAction":[{"@type":"SearchAction","target":{"@type":"EntryPoint","urlTemplate":"https:\/\/mer-terre.org\/?s={search_term_string}"},"query-input":{"@type":"PropertyValueSpecification","valueRequired":true,"valueName":"search_term_string"}}],"inLanguage":"en-GB"},{"@type":"Organization","@id":"https:\/\/mer-terre.org\/#organization","name":"MerTerre","url":"https:\/\/mer-terre.org\/","logo":{"@type":"ImageObject","inLanguage":"en-GB","@id":"https:\/\/mer-terre.org\/#\/schema\/logo\/image\/","url":"https:\/\/mer-terre.org\/wp-content\/uploads\/2023\/01\/logo-hx1-5.png","contentUrl":"https:\/\/mer-terre.org\/wp-content\/uploads\/2023\/01\/logo-hx1-5.png","width":473,"height":157,"caption":"MerTerre"},"image":{"@id":"https:\/\/mer-terre.org\/#\/schema\/logo\/image\/"}},{"@type":"Person","@id":"https:\/\/mer-terre.org\/#\/schema\/person\/ae88e37f692a8ce8515bb7471b8f3edb","name":"Association Merterre","image":{"@type":"ImageObject","inLanguage":"en-GB","@id":"https:\/\/mer-terre.org\/#\/schema\/person\/image\/","url":"https:\/\/secure.gravatar.com\/avatar\/6776a53b7d9d435968e3e4691e3f749bc1744f1cd3c9558dbabb7e25a1adc53b?s=96&d=mm&r=g","contentUrl":"https:\/\/secure.gravatar.com\/avatar\/6776a53b7d9d435968e3e4691e3f749bc1744f1cd3c9558dbabb7e25a1adc53b?s=96&d=mm&r=g","caption":"Association Merterre"},"url":"https:\/\/mer-terre.org\/en\/author\/admin_assomerterre\/"}]}},"_links":{"self":[{"href":"https:\/\/mer-terre.org\/en\/wp-json\/wp\/v2\/posts\/49242","targetHints":{"allow":["GET"]}}],"collection":[{"href":"https:\/\/mer-terre.org\/en\/wp-json\/wp\/v2\/posts"}],"about":[{"href":"https:\/\/mer-terre.org\/en\/wp-json\/wp\/v2\/types\/post"}],"author":[{"embeddable":true,"href":"https:\/\/mer-terre.org\/en\/wp-json\/wp\/v2\/users\/7"}],"replies":[{"embeddable":true,"href":"https:\/\/mer-terre.org\/en\/wp-json\/wp\/v2\/comments?post=49242"}],"version-history":[{"count":0,"href":"https:\/\/mer-terre.org\/en\/wp-json\/wp\/v2\/posts\/49242\/revisions"}],"wp:attachment":[{"href":"https:\/\/mer-terre.org\/en\/wp-json\/wp\/v2\/media?parent=49242"}],"wp:term":[{"taxonomy":"category","embeddable":true,"href":"https:\/\/mer-terre.org\/en\/wp-json\/wp\/v2\/categories?post=49242"},{"taxonomy":"post_tag","embeddable":true,"href":"https:\/\/mer-terre.org\/en\/wp-json\/wp\/v2\/tags?post=49242"}],"curies":[{"name":"wp","href":"https:\/\/api.w.org\/{rel}","templated":true}]}}