{"id":6790,"date":"2024-03-14T12:20:16","date_gmt":"2024-03-14T11:20:16","guid":{"rendered":"https:\/\/mer-terre.org\/?p=6790"},"modified":"2024-03-14T12:46:08","modified_gmt":"2024-03-14T11:46:08","slug":"bilan-2023","status":"publish","type":"post","link":"https:\/\/mer-terre.org\/en\/bilan-2023\/","title":{"rendered":"L&rsquo;ann\u00e9e 2023 au sein de l&rsquo;association MerTerre : entre passion, missions et engagement !"},"content":{"rendered":"<div data-elementor-type=\"wp-post\" data-elementor-id=\"6790\" class=\"elementor elementor-6790\" data-elementor-post-type=\"post\">\n\t\t\t\t\t\t<section class=\"elementor-section elementor-top-section elementor-element elementor-element-b2a029b elementor-section-boxed elementor-section-height-default elementor-section-height-default\" data-id=\"b2a029b\" data-element_type=\"section\">\n\t\t\t\t\t\t<div class=\"elementor-container elementor-column-gap-default\">\n\t\t\t\t\t<div class=\"elementor-column elementor-col-100 elementor-top-column elementor-element elementor-element-7a75a83e\" data-id=\"7a75a83e\" data-element_type=\"column\">\n\t\t\t<div class=\"elementor-widget-wrap elementor-element-populated\">\n\t\t\t\t\t\t<div class=\"elementor-element elementor-element-3c659c6a elementor-widget elementor-widget-text-editor\" data-id=\"3c659c6a\" data-element_type=\"widget\" data-widget_type=\"text-editor.default\">\n\t\t\t\t<div class=\"elementor-widget-container\">\n\t\t\t\t\t\t\t\t\t<div class=\"page\" title=\"Page 5\"><div class=\"section\"><div class=\"layoutArea\"><div class=\"column\"><h3><strong>UNE ASSOCIATION SPE\u0301CIALISTE DES DE\u0301CHETS EN MILIEU AQUATIQUE<\/strong><\/h3><p>MerTerre ne\u0301e de la passion et de l&rsquo;engagement d&rsquo;<strong>Isabelle Poitou<\/strong> qui se lance dans une que\u0302te audacieuse en 2000 : <strong>combattre la prolife\u0301ration des de\u0301chets abandonne\u0301s, une menace grandissante pour nos oce\u0301ans<\/strong>. Arme\u0301e de connaissances croise\u0301es entre sciences sociales et naturelles, l&rsquo;association re\u0301volutionne le combat e\u0301cologique en proposant des solutions globales et innovantes.<\/p><p>Au fil des ans, MerTerre se forge une re\u0301putation solide, devenant un acteur incontournable dans la lutte contre la pollution marine. De la mise en place de l&rsquo;Observatoire des de\u0301chets en Milieux Aquatiques a\u0300 la <strong>cre\u0301ation de plateformes collaboratives de donne\u0301es, chaque e\u0301tape renforce sa mission : sensibiliser, e\u0301duquer et agir.<\/strong><\/p><p>Aujourd&rsquo;hui, gra\u0302ce a\u0300 des partenariats strate\u0301giques avec des institutions renomme\u0301es et des acteurs locaux engage\u0301s, MerTerre e\u0301tend son influence a\u0300 travers tout le territoire franc\u0327ais. De <strong>ReMed Ze\u0301ro Plastique<\/strong> a\u0300 <strong>Ze\u0301ro De\u0301chet Sauvage<\/strong>, ses plateformes collaboratives donnent le pouvoir aux associations et aux de\u0301cideurs de mener des actions efficaces car mieux cible\u0301es et ainsi de changer le cours de leur histoire environnementale locale.<\/p><p>Et ce n&rsquo;est que le de\u0301but. Avec des projets pilotes fleurissant dans tout le pays et une vision re\u0301solument tourne\u0301e vers l&rsquo;avenir, MerTerre continue d&rsquo;innover, de collaborer et d&rsquo;inspirer. <strong>Ensemble, nous e\u0301crivons le prochain chapitre de l\u2019engagement envers notre plane\u0300te, un chapitre ou\u0300 chaque acteur, chaque action et chaque de\u0301chets comptent.<\/strong><\/p><\/div><\/div><\/div><\/div>\t\t\t\t\t\t\t\t<\/div>\n\t\t\t\t<\/div>\n\t\t\t\t\t<\/div>\n\t\t<\/div>\n\t\t\t\t\t<\/div>\n\t\t<\/section>\n\t\t\t\t<section class=\"elementor-section elementor-top-section elementor-element elementor-element-2a1c5ce elementor-section-boxed elementor-section-height-default elementor-section-height-default\" data-id=\"2a1c5ce\" data-element_type=\"section\">\n\t\t\t\t\t\t<div class=\"elementor-container elementor-column-gap-default\">\n\t\t\t\t\t<div class=\"elementor-column elementor-col-100 elementor-top-column elementor-element elementor-element-f7c9de0\" data-id=\"f7c9de0\" data-element_type=\"column\">\n\t\t\t<div class=\"elementor-widget-wrap elementor-element-populated\">\n\t\t\t\t\t\t<div class=\"elementor-element elementor-element-61acf2c elementor-widget elementor-widget-image\" data-id=\"61acf2c\" data-element_type=\"widget\" data-widget_type=\"image.default\">\n\t\t\t\t<div class=\"elementor-widget-container\">\n\t\t\t\t\t\t\t\t\t\t\t\t\t\t\t<img fetchpriority=\"high\" decoding=\"async\" width=\"800\" height=\"800\" src=\"https:\/\/mer-terre.org\/wp-content\/uploads\/2024\/03\/Posts-MerTerre-1024x1024.png\" class=\"attachment-large size-large wp-image-6827\" alt=\"\" srcset=\"https:\/\/mer-terre.org\/wp-content\/uploads\/2024\/03\/Posts-MerTerre-1024x1024.png 1024w, https:\/\/mer-terre.org\/wp-content\/uploads\/2024\/03\/Posts-MerTerre-300x300.png 300w, https:\/\/mer-terre.org\/wp-content\/uploads\/2024\/03\/Posts-MerTerre-150x150.png 150w, https:\/\/mer-terre.org\/wp-content\/uploads\/2024\/03\/Posts-MerTerre-768x768.png 768w, https:\/\/mer-terre.org\/wp-content\/uploads\/2024\/03\/Posts-MerTerre-12x12.png 12w, https:\/\/mer-terre.org\/wp-content\/uploads\/2024\/03\/Posts-MerTerre.png 1080w\" sizes=\"(max-width: 800px) 100vw, 800px\" \/>\t\t\t\t\t\t\t\t\t\t\t\t\t\t\t<\/div>\n\t\t\t\t<\/div>\n\t\t\t\t<div class=\"elementor-element elementor-element-479a97e elementor-widget elementor-widget-text-editor\" data-id=\"479a97e\" data-element_type=\"widget\" data-widget_type=\"text-editor.default\">\n\t\t\t\t<div class=\"elementor-widget-container\">\n\t\t\t\t\t\t\t\t\t<h5><strong>D\u00e9couvrez notre Bilan d&rsquo;Activit\u00e9 2023<\/strong><\/h5><p><strong>T\u00e9l\u00e9chargez d\u00e8s maintenant notre Bilan d&rsquo;Activit\u00e9 2023 pour d\u00e9couvrir :<\/strong><\/p><ul><li>Nos actions de <strong>characterization<\/strong> des d\u00e9chets en milieu marin, et comment elles contribuent \u00e0 mieux comprendre et combattre la pollution.<\/li><li>Nos initiatives de <strong>coordination<\/strong> et de valorisation des initiatives locales, qui mobilisent et renforcent les capacit\u00e9s des acteurs engag\u00e9s.<\/li><li>Nos projets de <strong>sensibilisation<\/strong> et d&rsquo;\u00e9ducation, qui visent \u00e0 changer les comportements individuels et collectifs pour un monde plus propre.<\/li><li>Notre engagement dans <strong>l&rsquo;accompagnement<\/strong> des politiques publiques, et comment nous contribuons \u00e0 construire ensemble des strat\u00e9gies efficaces pour prot\u00e9ger notre environnement.<\/li><\/ul><p>\u00a0<\/p><p>Ensemble, nous \u00e9crivons le prochain chapitre de notre engagement envers notre plan\u00e8te. <a href=\"https:\/\/mer-terre.org\/wp-content\/uploads\/2024\/03\/Bilan_Activite_MerTerre-2023.pdf\"><span style=\"text-decoration: underline;\"><strong>T\u00e9l\u00e9chargez notre Bilan d&rsquo;Activit\u00e9 2023<\/strong><\/span><\/a> d\u00e8s maintenant et rejoignez-nous dans notre combat pour un avenir plus propre et plus durable !<\/p><h6><a href=\"https:\/\/mer-terre.org\/wp-content\/uploads\/2024\/03\/Bilan_Activite_MerTerre-2023.pdf\"><span style=\"text-decoration: underline;\"><strong>[Bilan d&rsquo;Activit\u00e9 2023]<\/strong><\/span><\/a><\/h6>\t\t\t\t\t\t\t\t<\/div>\n\t\t\t\t<\/div>\n\t\t\t\t\t<\/div>\n\t\t<\/div>\n\t\t\t\t\t<\/div>\n\t\t<\/section>\n\t\t\t\t<\/div>","protected":false},"excerpt":{"rendered":"<p>UNE ASSOCIATION SPE\u0301CIALISTE DES DE\u0301CHETS EN MILIEU AQUATIQUE MerTerre ne\u0301e de la passion et de l&rsquo;engagement d&rsquo;Isabelle Poitou qui se lance dans une que\u0302te audacieuse en 2000 : combattre la prolife\u0301ration des de\u0301chets abandonne\u0301s, une menace grandissante pour nos oce\u0301ans. Arme\u0301e de connaissances croise\u0301es entre sciences sociales et naturelles, l&rsquo;association re\u0301volutionne le combat e\u0301cologique en [&hellip;]<\/p>","protected":false},"author":6,"featured_media":6802,"comment_status":"closed","ping_status":"open","sticky":false,"template":"","format":"standard","meta":{"_acf_changed":false,"_mo_disable_npp":"","footnotes":""},"categories":[36,7],"tags":[],"class_list":["post-6790","post","type-post","status-publish","format-standard","has-post-thumbnail","hentry","category-publications","category-evenements"],"acf":[],"yoast_head":"<!-- This site is optimized with the Yoast SEO plugin v26.0 - https:\/\/yoast.com\/wordpress\/plugins\/seo\/ -->\n<title>L&#039;ann\u00e9e 2023 au sein de l&#039;association MerTerre : entre passion, missions et engagement ! - MerTerre<\/title>\n<meta name=\"robots\" content=\"index, follow, max-snippet:-1, max-image-preview:large, max-video-preview:-1\" \/>\n<link rel=\"canonical\" href=\"https:\/\/mer-terre.org\/en\/bilan-2023\/\" \/>\n<meta property=\"og:locale\" content=\"en_GB\" \/>\n<meta property=\"og:type\" content=\"article\" \/>\n<meta property=\"og:title\" content=\"L&#039;ann\u00e9e 2023 au sein de l&#039;association MerTerre : entre passion, missions et engagement ! - MerTerre\" \/>\n<meta property=\"og:description\" content=\"UNE ASSOCIATION SPE\u0301CIALISTE DES DE\u0301CHETS EN MILIEU AQUATIQUE MerTerre ne\u0301e de la passion et de l&rsquo;engagement d&rsquo;Isabelle Poitou qui se lance dans une que\u0302te audacieuse en 2000 : combattre la prolife\u0301ration des de\u0301chets abandonne\u0301s, une menace grandissante pour nos oce\u0301ans. Arme\u0301e de connaissances croise\u0301es entre sciences sociales et naturelles, l&rsquo;association re\u0301volutionne le combat e\u0301cologique en [&hellip;]\" \/>\n<meta property=\"og:url\" content=\"https:\/\/mer-terre.org\/en\/bilan-2023\/\" \/>\n<meta property=\"og:site_name\" content=\"MerTerre\" \/>\n<meta property=\"article:published_time\" content=\"2024-03-14T11:20:16+00:00\" \/>\n<meta property=\"article:modified_time\" content=\"2024-03-14T11:46:08+00:00\" \/>\n<meta property=\"og:image\" content=\"https:\/\/mer-terre.org\/wp-content\/uploads\/2024\/03\/Bilan_Activite_MerTerre-2023-scaled.jpg\" \/>\n\t<meta property=\"og:image:width\" content=\"2560\" \/>\n\t<meta property=\"og:image:height\" content=\"1440\" \/>\n\t<meta property=\"og:image:type\" content=\"image\/jpeg\" \/>\n<meta name=\"author\" content=\"Laurine Fouquereau\" \/>\n<meta name=\"twitter:card\" content=\"summary_large_image\" \/>\n<meta name=\"twitter:label1\" content=\"Written by\" \/>\n\t<meta name=\"twitter:data1\" content=\"Laurine Fouquereau\" \/>\n\t<meta name=\"twitter:label2\" content=\"Estimated reading time\" \/>\n\t<meta name=\"twitter:data2\" content=\"3 minutes\" \/>\n<script type=\"application\/ld+json\" class=\"yoast-schema-graph\">{\"@context\":\"https:\/\/schema.org\",\"@graph\":[{\"@type\":\"Article\",\"@id\":\"https:\/\/mer-terre.org\/bilan-2023\/#article\",\"isPartOf\":{\"@id\":\"https:\/\/mer-terre.org\/bilan-2023\/\"},\"author\":{\"name\":\"Laurine Fouquereau\",\"@id\":\"https:\/\/mer-terre.org\/#\/schema\/person\/caf15d0bcbeeac616d6ec711ccbb1b1b\"},\"headline\":\"L&rsquo;ann\u00e9e 2023 au sein de l&rsquo;association MerTerre : entre passion, missions et engagement !\",\"datePublished\":\"2024-03-14T11:20:16+00:00\",\"dateModified\":\"2024-03-14T11:46:08+00:00\",\"mainEntityOfPage\":{\"@id\":\"https:\/\/mer-terre.org\/bilan-2023\/\"},\"wordCount\":425,\"publisher\":{\"@id\":\"https:\/\/mer-terre.org\/#organization\"},\"image\":{\"@id\":\"https:\/\/mer-terre.org\/bilan-2023\/#primaryimage\"},\"thumbnailUrl\":\"https:\/\/mer-terre.org\/wp-content\/uploads\/2024\/03\/Bilan_Activite_MerTerre-2023-scaled.jpg\",\"articleSection\":[\"Bilans et rapports\",\"\u00c9v\u00e8nements\"],\"inLanguage\":\"en-GB\"},{\"@type\":\"WebPage\",\"@id\":\"https:\/\/mer-terre.org\/bilan-2023\/\",\"url\":\"https:\/\/mer-terre.org\/bilan-2023\/\",\"name\":\"L'ann\u00e9e 2023 au sein de l'association MerTerre : entre passion, missions et engagement ! - MerTerre\",\"isPartOf\":{\"@id\":\"https:\/\/mer-terre.org\/#website\"},\"primaryImageOfPage\":{\"@id\":\"https:\/\/mer-terre.org\/bilan-2023\/#primaryimage\"},\"image\":{\"@id\":\"https:\/\/mer-terre.org\/bilan-2023\/#primaryimage\"},\"thumbnailUrl\":\"https:\/\/mer-terre.org\/wp-content\/uploads\/2024\/03\/Bilan_Activite_MerTerre-2023-scaled.jpg\",\"datePublished\":\"2024-03-14T11:20:16+00:00\",\"dateModified\":\"2024-03-14T11:46:08+00:00\",\"breadcrumb\":{\"@id\":\"https:\/\/mer-terre.org\/bilan-2023\/#breadcrumb\"},\"inLanguage\":\"en-GB\",\"potentialAction\":[{\"@type\":\"ReadAction\",\"target\":[\"https:\/\/mer-terre.org\/bilan-2023\/\"]}]},{\"@type\":\"ImageObject\",\"inLanguage\":\"en-GB\",\"@id\":\"https:\/\/mer-terre.org\/bilan-2023\/#primaryimage\",\"url\":\"https:\/\/mer-terre.org\/wp-content\/uploads\/2024\/03\/Bilan_Activite_MerTerre-2023-scaled.jpg\",\"contentUrl\":\"https:\/\/mer-terre.org\/wp-content\/uploads\/2024\/03\/Bilan_Activite_MerTerre-2023-scaled.jpg\",\"width\":2560,\"height\":1440},{\"@type\":\"BreadcrumbList\",\"@id\":\"https:\/\/mer-terre.org\/bilan-2023\/#breadcrumb\",\"itemListElement\":[{\"@type\":\"ListItem\",\"position\":1,\"name\":\"Accueil\",\"item\":\"https:\/\/mer-terre.org\/\"},{\"@type\":\"ListItem\",\"position\":2,\"name\":\"L&rsquo;ann\u00e9e 2023 au sein de l&rsquo;association MerTerre : entre passion, missions et engagement !\"}]},{\"@type\":\"WebSite\",\"@id\":\"https:\/\/mer-terre.org\/#website\",\"url\":\"https:\/\/mer-terre.org\/\",\"name\":\"MerTerre\",\"description\":\"Objectif Z\u00e9ro D\u00e9chet Marin\",\"publisher\":{\"@id\":\"https:\/\/mer-terre.org\/#organization\"},\"potentialAction\":[{\"@type\":\"SearchAction\",\"target\":{\"@type\":\"EntryPoint\",\"urlTemplate\":\"https:\/\/mer-terre.org\/?s={search_term_string}\"},\"query-input\":{\"@type\":\"PropertyValueSpecification\",\"valueRequired\":true,\"valueName\":\"search_term_string\"}}],\"inLanguage\":\"en-GB\"},{\"@type\":\"Organization\",\"@id\":\"https:\/\/mer-terre.org\/#organization\",\"name\":\"MerTerre\",\"url\":\"https:\/\/mer-terre.org\/\",\"logo\":{\"@type\":\"ImageObject\",\"inLanguage\":\"en-GB\",\"@id\":\"https:\/\/mer-terre.org\/#\/schema\/logo\/image\/\",\"url\":\"https:\/\/mer-terre.org\/wp-content\/uploads\/2023\/01\/logo-hx1-5.png\",\"contentUrl\":\"https:\/\/mer-terre.org\/wp-content\/uploads\/2023\/01\/logo-hx1-5.png\",\"width\":473,\"height\":157,\"caption\":\"MerTerre\"},\"image\":{\"@id\":\"https:\/\/mer-terre.org\/#\/schema\/logo\/image\/\"}},{\"@type\":\"Person\",\"@id\":\"https:\/\/mer-terre.org\/#\/schema\/person\/caf15d0bcbeeac616d6ec711ccbb1b1b\",\"name\":\"Laurine Fouquereau\",\"image\":{\"@type\":\"ImageObject\",\"inLanguage\":\"en-GB\",\"@id\":\"https:\/\/mer-terre.org\/#\/schema\/person\/image\/\",\"url\":\"https:\/\/secure.gravatar.com\/avatar\/337e28efda9abf33a126e46dd1ef2d07f4c2174fa5f3890ba1ce73a1ab6c298d?s=96&d=mm&r=g\",\"contentUrl\":\"https:\/\/secure.gravatar.com\/avatar\/337e28efda9abf33a126e46dd1ef2d07f4c2174fa5f3890ba1ce73a1ab6c298d?s=96&d=mm&r=g\",\"caption\":\"Laurine Fouquereau\"},\"url\":\"https:\/\/mer-terre.org\/en\/author\/lfouquereau\/\"}]}<\/script>\n<!-- \/ Yoast SEO plugin. -->","yoast_head_json":{"title":"L'ann\u00e9e 2023 au sein de l'association MerTerre : entre passion, missions et engagement ! - MerTerre","robots":{"index":"index","follow":"follow","max-snippet":"max-snippet:-1","max-image-preview":"max-image-preview:large","max-video-preview":"max-video-preview:-1"},"canonical":"https:\/\/mer-terre.org\/en\/bilan-2023\/","og_locale":"en_GB","og_type":"article","og_title":"L'ann\u00e9e 2023 au sein de l'association MerTerre : entre passion, missions et engagement ! - MerTerre","og_description":"UNE ASSOCIATION SPE\u0301CIALISTE DES DE\u0301CHETS EN MILIEU AQUATIQUE MerTerre ne\u0301e de la passion et de l&rsquo;engagement d&rsquo;Isabelle Poitou qui se lance dans une que\u0302te audacieuse en 2000 : combattre la prolife\u0301ration des de\u0301chets abandonne\u0301s, une menace grandissante pour nos oce\u0301ans. Arme\u0301e de connaissances croise\u0301es entre sciences sociales et naturelles, l&rsquo;association re\u0301volutionne le combat e\u0301cologique en [&hellip;]","og_url":"https:\/\/mer-terre.org\/en\/bilan-2023\/","og_site_name":"MerTerre","article_published_time":"2024-03-14T11:20:16+00:00","article_modified_time":"2024-03-14T11:46:08+00:00","og_image":[{"width":2560,"height":1440,"url":"https:\/\/mer-terre.org\/wp-content\/uploads\/2024\/03\/Bilan_Activite_MerTerre-2023-scaled.jpg","type":"image\/jpeg"}],"author":"Laurine Fouquereau","twitter_card":"summary_large_image","twitter_misc":{"Written by":"Laurine Fouquereau","Estimated reading time":"3 minutes"},"schema":{"@context":"https:\/\/schema.org","@graph":[{"@type":"Article","@id":"https:\/\/mer-terre.org\/bilan-2023\/#article","isPartOf":{"@id":"https:\/\/mer-terre.org\/bilan-2023\/"},"author":{"name":"Laurine Fouquereau","@id":"https:\/\/mer-terre.org\/#\/schema\/person\/caf15d0bcbeeac616d6ec711ccbb1b1b"},"headline":"L&rsquo;ann\u00e9e 2023 au sein de l&rsquo;association MerTerre : entre passion, missions et engagement !","datePublished":"2024-03-14T11:20:16+00:00","dateModified":"2024-03-14T11:46:08+00:00","mainEntityOfPage":{"@id":"https:\/\/mer-terre.org\/bilan-2023\/"},"wordCount":425,"publisher":{"@id":"https:\/\/mer-terre.org\/#organization"},"image":{"@id":"https:\/\/mer-terre.org\/bilan-2023\/#primaryimage"},"thumbnailUrl":"https:\/\/mer-terre.org\/wp-content\/uploads\/2024\/03\/Bilan_Activite_MerTerre-2023-scaled.jpg","articleSection":["Bilans et rapports","\u00c9v\u00e8nements"],"inLanguage":"en-GB"},{"@type":"WebPage","@id":"https:\/\/mer-terre.org\/bilan-2023\/","url":"https:\/\/mer-terre.org\/bilan-2023\/","name":"L'ann\u00e9e 2023 au sein de l'association MerTerre : entre passion, missions et engagement ! - MerTerre","isPartOf":{"@id":"https:\/\/mer-terre.org\/#website"},"primaryImageOfPage":{"@id":"https:\/\/mer-terre.org\/bilan-2023\/#primaryimage"},"image":{"@id":"https:\/\/mer-terre.org\/bilan-2023\/#primaryimage"},"thumbnailUrl":"https:\/\/mer-terre.org\/wp-content\/uploads\/2024\/03\/Bilan_Activite_MerTerre-2023-scaled.jpg","datePublished":"2024-03-14T11:20:16+00:00","dateModified":"2024-03-14T11:46:08+00:00","breadcrumb":{"@id":"https:\/\/mer-terre.org\/bilan-2023\/#breadcrumb"},"inLanguage":"en-GB","potentialAction":[{"@type":"ReadAction","target":["https:\/\/mer-terre.org\/bilan-2023\/"]}]},{"@type":"ImageObject","inLanguage":"en-GB","@id":"https:\/\/mer-terre.org\/bilan-2023\/#primaryimage","url":"https:\/\/mer-terre.org\/wp-content\/uploads\/2024\/03\/Bilan_Activite_MerTerre-2023-scaled.jpg","contentUrl":"https:\/\/mer-terre.org\/wp-content\/uploads\/2024\/03\/Bilan_Activite_MerTerre-2023-scaled.jpg","width":2560,"height":1440},{"@type":"BreadcrumbList","@id":"https:\/\/mer-terre.org\/bilan-2023\/#breadcrumb","itemListElement":[{"@type":"ListItem","position":1,"name":"Accueil","item":"https:\/\/mer-terre.org\/"},{"@type":"ListItem","position":2,"name":"L&rsquo;ann\u00e9e 2023 au sein de l&rsquo;association MerTerre : entre passion, missions et engagement !"}]},{"@type":"WebSite","@id":"https:\/\/mer-terre.org\/#website","url":"https:\/\/mer-terre.org\/","name":"MerTerre","description":"Objectif Z\u00e9ro D\u00e9chet Marin","publisher":{"@id":"https:\/\/mer-terre.org\/#organization"},"potentialAction":[{"@type":"SearchAction","target":{"@type":"EntryPoint","urlTemplate":"https:\/\/mer-terre.org\/?s={search_term_string}"},"query-input":{"@type":"PropertyValueSpecification","valueRequired":true,"valueName":"search_term_string"}}],"inLanguage":"en-GB"},{"@type":"Organization","@id":"https:\/\/mer-terre.org\/#organization","name":"MerTerre","url":"https:\/\/mer-terre.org\/","logo":{"@type":"ImageObject","inLanguage":"en-GB","@id":"https:\/\/mer-terre.org\/#\/schema\/logo\/image\/","url":"https:\/\/mer-terre.org\/wp-content\/uploads\/2023\/01\/logo-hx1-5.png","contentUrl":"https:\/\/mer-terre.org\/wp-content\/uploads\/2023\/01\/logo-hx1-5.png","width":473,"height":157,"caption":"MerTerre"},"image":{"@id":"https:\/\/mer-terre.org\/#\/schema\/logo\/image\/"}},{"@type":"Person","@id":"https:\/\/mer-terre.org\/#\/schema\/person\/caf15d0bcbeeac616d6ec711ccbb1b1b","name":"Laurine Fouquereau","image":{"@type":"ImageObject","inLanguage":"en-GB","@id":"https:\/\/mer-terre.org\/#\/schema\/person\/image\/","url":"https:\/\/secure.gravatar.com\/avatar\/337e28efda9abf33a126e46dd1ef2d07f4c2174fa5f3890ba1ce73a1ab6c298d?s=96&d=mm&r=g","contentUrl":"https:\/\/secure.gravatar.com\/avatar\/337e28efda9abf33a126e46dd1ef2d07f4c2174fa5f3890ba1ce73a1ab6c298d?s=96&d=mm&r=g","caption":"Laurine Fouquereau"},"url":"https:\/\/mer-terre.org\/en\/author\/lfouquereau\/"}]}},"_links":{"self":[{"href":"https:\/\/mer-terre.org\/en\/wp-json\/wp\/v2\/posts\/6790","targetHints":{"allow":["GET"]}}],"collection":[{"href":"https:\/\/mer-terre.org\/en\/wp-json\/wp\/v2\/posts"}],"about":[{"href":"https:\/\/mer-terre.org\/en\/wp-json\/wp\/v2\/types\/post"}],"author":[{"embeddable":true,"href":"https:\/\/mer-terre.org\/en\/wp-json\/wp\/v2\/users\/6"}],"replies":[{"embeddable":true,"href":"https:\/\/mer-terre.org\/en\/wp-json\/wp\/v2\/comments?post=6790"}],"version-history":[{"count":0,"href":"https:\/\/mer-terre.org\/en\/wp-json\/wp\/v2\/posts\/6790\/revisions"}],"wp:featuredmedia":[{"embeddable":true,"href":"https:\/\/mer-terre.org\/en\/wp-json\/wp\/v2\/media\/6802"}],"wp:attachment":[{"href":"https:\/\/mer-terre.org\/en\/wp-json\/wp\/v2\/media?parent=6790"}],"wp:term":[{"taxonomy":"category","embeddable":true,"href":"https:\/\/mer-terre.org\/en\/wp-json\/wp\/v2\/categories?post=6790"},{"taxonomy":"post_tag","embeddable":true,"href":"https:\/\/mer-terre.org\/en\/wp-json\/wp\/v2\/tags?post=6790"}],"curies":[{"name":"wp","href":"https:\/\/api.w.org\/{rel}","templated":true}]}}