{"id":8569,"date":"2024-11-14T11:42:53","date_gmt":"2024-11-14T10:42:53","guid":{"rendered":"https:\/\/mer-terre.org\/?p=8569"},"modified":"2024-12-03T17:50:39","modified_gmt":"2024-12-03T16:50:39","slug":"commissions-dechets-calanques","status":"publish","type":"post","link":"https:\/\/mer-terre.org\/en\/commissions-dechets-calanques\/","title":{"rendered":"Les commissions du Plan de Lutte contre les D\u00e9chets Abandonn\u00e9s (PLDA) : vers une mobilisation citoyenne et locale dans les Calanques"},"content":{"rendered":"<div data-elementor-type=\"wp-post\" data-elementor-id=\"8569\" class=\"elementor elementor-8569\" data-elementor-post-type=\"post\">\n\t\t\t\t\t\t<section class=\"elementor-section elementor-top-section elementor-element elementor-element-1d4fc71 elementor-section-boxed elementor-section-height-default elementor-section-height-default\" data-id=\"1d4fc71\" data-element_type=\"section\">\n\t\t\t\t\t\t<div class=\"elementor-container elementor-column-gap-default\">\n\t\t\t\t\t<div class=\"elementor-column elementor-col-100 elementor-top-column elementor-element elementor-element-d0eb8e4\" data-id=\"d0eb8e4\" data-element_type=\"column\">\n\t\t\t<div class=\"elementor-widget-wrap elementor-element-populated\">\n\t\t\t\t\t\t<div class=\"elementor-element elementor-element-9e4ec03 elementor-widget elementor-widget-text-editor\" data-id=\"9e4ec03\" data-element_type=\"widget\" data-widget_type=\"text-editor.default\">\n\t\t\t\t<div class=\"elementor-widget-container\">\n\t\t\t\t\t\t\t\t\t<p>En 2024, le <strong>Parc National des Calanques<\/strong> a lanc\u00e9 un projet ambitieux : la mise en \u0153uvre du <strong>Plan de Lutte contre les D\u00e9chets Abandonn\u00e9s<\/strong> (PLDA). L&rsquo;objectif de cette initiative est de r\u00e9duire les d\u00e9chets abandonn\u00e9s dans ce territoire exceptionnel tout en impliquant les acteurs locaux dans la gestion durable de l&rsquo;environnement. Afin de poser les bases de ce plan, <strong>du 13 au 22 mars 2024<\/strong>, cinq commissions se sont r\u00e9unies, r\u00e9unissant des associations, des entreprises, des professionnels du tourisme, des collectivit\u00e9s, et des acteurs sportifs. L\u2019<strong>association MerTerre<\/strong>, partenaire cl\u00e9 dans ce projet, a non seulement particip\u00e9 \u00e0 toutes les commissions mais a \u00e9galement anim\u00e9 deux ateliers importants pour structurer l\u2019action du plan.<\/p><h3><strong>Les Objectifs des Commissions<\/strong><\/h3><p>Les commissions avaient pour objectif principal de d\u00e9finir des actions concr\u00e8tes pour la mise en \u0153uvre du PLDA. Il s\u2019agissait de :<\/p><ul><li><strong>Identifier des leviers d\u2019action<\/strong> pour pr\u00e9venir et r\u00e9duire les d\u00e9chets abandonn\u00e9s dans les Calanques.<\/li><li><strong>Mobiliser des acteurs locaux<\/strong> (associations, entreprises, citoyens, institutions) autour de la probl\u00e9matique des d\u00e9chets.<\/li><li><strong>Cr\u00e9er un r\u00e9seau d\u2019ambassadeurs<\/strong> pour diffuser les messages du PLDA et engager les diff\u00e9rents acteurs dans la d\u00e9marche de pr\u00e9servation.<\/li><\/ul><p>\u00a0<\/p><p>Les participants aux commissions ont discut\u00e9 des outils \u00e0 mettre en place pour atteindre ces objectifs, en abordant des strat\u00e9gies de communication, des initiatives de sensibilisation et des m\u00e9canismes de suivi.<\/p>\t\t\t\t\t\t\t\t<\/div>\n\t\t\t\t<\/div>\n\t\t\t\t\t<\/div>\n\t\t<\/div>\n\t\t\t\t\t<\/div>\n\t\t<\/section>\n\t\t\t\t<section class=\"elementor-section elementor-top-section elementor-element elementor-element-d1cc6d4 elementor-section-boxed elementor-section-height-default elementor-section-height-default\" data-id=\"d1cc6d4\" data-element_type=\"section\">\n\t\t\t\t\t\t<div class=\"elementor-container elementor-column-gap-default\">\n\t\t\t\t\t<div class=\"elementor-column elementor-col-100 elementor-top-column elementor-element elementor-element-9dd67d3\" data-id=\"9dd67d3\" data-element_type=\"column\">\n\t\t\t<div class=\"elementor-widget-wrap elementor-element-populated\">\n\t\t\t\t\t\t<div class=\"elementor-element elementor-element-a6afd5a elementor-widget elementor-widget-image\" data-id=\"a6afd5a\" data-element_type=\"widget\" data-widget_type=\"image.default\">\n\t\t\t\t<div class=\"elementor-widget-container\">\n\t\t\t\t\t\t\t\t\t\t\t\t\t\t\t<img fetchpriority=\"high\" decoding=\"async\" width=\"800\" height=\"600\" src=\"https:\/\/mer-terre.org\/wp-content\/uploads\/2024\/11\/PHOTO-2024-03-13-09-53-25-1024x768.jpg\" class=\"attachment-large size-large wp-image-8582\" alt=\"\" srcset=\"https:\/\/mer-terre.org\/wp-content\/uploads\/2024\/11\/PHOTO-2024-03-13-09-53-25-1024x768.jpg 1024w, https:\/\/mer-terre.org\/wp-content\/uploads\/2024\/11\/PHOTO-2024-03-13-09-53-25-300x225.jpg 300w, https:\/\/mer-terre.org\/wp-content\/uploads\/2024\/11\/PHOTO-2024-03-13-09-53-25-768x576.jpg 768w, https:\/\/mer-terre.org\/wp-content\/uploads\/2024\/11\/PHOTO-2024-03-13-09-53-25-1536x1152.jpg 1536w, https:\/\/mer-terre.org\/wp-content\/uploads\/2024\/11\/PHOTO-2024-03-13-09-53-25-16x12.jpg 16w, https:\/\/mer-terre.org\/wp-content\/uploads\/2024\/11\/PHOTO-2024-03-13-09-53-25.jpg 2048w\" sizes=\"(max-width: 800px) 100vw, 800px\" \/>\t\t\t\t\t\t\t\t\t\t\t\t\t\t\t<\/div>\n\t\t\t\t<\/div>\n\t\t\t\t\t<\/div>\n\t\t<\/div>\n\t\t\t\t\t<\/div>\n\t\t<\/section>\n\t\t\t\t<section class=\"elementor-section elementor-top-section elementor-element elementor-element-f5fe8c2 elementor-section-boxed elementor-section-height-default elementor-section-height-default\" data-id=\"f5fe8c2\" data-element_type=\"section\">\n\t\t\t\t\t\t<div class=\"elementor-container elementor-column-gap-default\">\n\t\t\t\t\t<div class=\"elementor-column elementor-col-50 elementor-top-column elementor-element elementor-element-2bfa3fd\" data-id=\"2bfa3fd\" data-element_type=\"column\">\n\t\t\t<div class=\"elementor-widget-wrap elementor-element-populated\">\n\t\t\t\t\t\t<div class=\"elementor-element elementor-element-395b5c0 elementor-widget elementor-widget-text-editor\" data-id=\"395b5c0\" data-element_type=\"widget\" data-widget_type=\"text-editor.default\">\n\t\t\t\t<div class=\"elementor-widget-container\">\n\t\t\t\t\t\t\t\t\t<h5><strong><span>Commission 1 : gouvernance, cadre d\u2019action et engagement des acteurs<\/strong><\/h5>\nLa commission identifie plusieurs obstacles \u00e0 la r\u00e9ussite des <strong>Plans de Lutte contre les D\u00e9chets Abandonn\u00e9s (PLDA)<\/strong>, tels que des p\u00e9rim\u00e8tres territoriaux flous, une communication insuffisante et des difficult\u00e9s \u00e0 coordonner les parties prenantes. Elle propose de <strong>renforcer la gouvernance<\/strong> en cr\u00e9ant des <strong>espaces de travail collaboratifs<\/strong>, des <strong>comit\u00e9s<\/strong> <strong>techniques<\/strong> et en impliquant davantage les <strong>communes<\/strong> and <strong>pouvoirs<\/strong> <strong>publics<\/strong> concern\u00e9s. Des actions concr\u00e8tes incluent des<strong> rencontres inter-PLDA<\/strong> et une meilleure<strong> organisation des comp\u00e9tences et des ressources<\/strong> pour faciliter la coop\u00e9ration op\u00e9rationnelle.\t\t\t\t\t\t\t\t<\/div>\n\t\t\t\t<\/div>\n\t\t\t\t\t<\/div>\n\t\t<\/div>\n\t\t\t\t<div class=\"elementor-column elementor-col-50 elementor-top-column elementor-element elementor-element-4156abf\" data-id=\"4156abf\" data-element_type=\"column\">\n\t\t\t<div class=\"elementor-widget-wrap elementor-element-populated\">\n\t\t\t\t\t\t<div class=\"elementor-element elementor-element-9dd8815 elementor-widget elementor-widget-text-editor\" data-id=\"9dd8815\" data-element_type=\"widget\" data-widget_type=\"text-editor.default\">\n\t\t\t\t<div class=\"elementor-widget-container\">\n\t\t\t\t\t\t\t\t\t<h5><strong><span>Commission 2 : sensibilisation, \u00e9ducation et formation<\/strong><\/h5>\nLa commission sur la <strong>sensibilisation<\/strong>, <strong>l&rsquo;\u00e9ducation<\/strong> et la <strong>formation<\/strong> propose de cr\u00e9er une <strong>campagne de sensibilisation commune<\/strong>, en mettant l&rsquo;accent sur des <strong>messages<\/strong> <strong>unifi\u00e9s<\/strong> et une <strong>communication<\/strong> <strong>coordonn\u00e9e<\/strong> entre associations, collectivit\u00e9s et le Parc National des Calanques. Elle souligne la n\u00e9cessit\u00e9 de <strong>former et de mobiliser divers publics<\/strong> (18-24 ans, professionnels, touristes) pour renforcer les actions de <strong>pr\u00e9vention<\/strong> des d\u00e9chets abandonn\u00e9s. Les premiers pas incluent la cr\u00e9ation d&rsquo;un groupe de travail, la d\u00e9finition de messages cl\u00e9s, et l&rsquo;\u00e9valuation de l&rsquo;impact des actions via des indicateurs communs.\t\t\t\t\t\t\t\t<\/div>\n\t\t\t\t<\/div>\n\t\t\t\t\t<\/div>\n\t\t<\/div>\n\t\t\t\t\t<\/div>\n\t\t<\/section>\n\t\t\t\t<section class=\"elementor-section elementor-top-section elementor-element elementor-element-b459365 elementor-section-boxed elementor-section-height-default elementor-section-height-default\" data-id=\"b459365\" data-element_type=\"section\">\n\t\t\t\t\t\t<div class=\"elementor-container elementor-column-gap-default\">\n\t\t\t\t\t<div class=\"elementor-column elementor-col-50 elementor-top-column elementor-element elementor-element-db6b61c\" data-id=\"db6b61c\" data-element_type=\"column\">\n\t\t\t<div class=\"elementor-widget-wrap elementor-element-populated\">\n\t\t\t\t\t\t<div class=\"elementor-element elementor-element-50ef6d3 elementor-widget elementor-widget-text-editor\" data-id=\"50ef6d3\" data-element_type=\"widget\" data-widget_type=\"text-editor.default\">\n\t\t\t\t<div class=\"elementor-widget-container\">\n\t\t\t\t\t\t\t\t\t<h5><strong><span>Commission 3 : \u00e9quipement, am\u00e9nagement et accessibilit\u00e9<\/strong><\/h5>\nLa commission sur l&rsquo;\u00e9quipement, <strong>l&rsquo;am\u00e9nagement<\/strong> and <strong>l&rsquo;accessibilit\u00e9<\/strong> propose d&rsquo;am\u00e9liorer les<strong> portes d&rsquo;entr\u00e9e du Parc National des Calanques<\/strong> en harmonisant les am\u00e9nagements, ajoutant des <strong>\u00e9quipements<\/strong> comme des points de <strong>tri<\/strong>, des <strong>toilettes<\/strong>, et des <strong>fontaines<\/strong>, et en d\u00e9veloppant l&rsquo;acc\u00e8s sans voiture avec des <strong>transports en commun adapt\u00e9s<\/strong>. Elle insiste sur la diffusion de <strong>messages<\/strong> de <strong>pr\u00e9vention<\/strong> via des moyens de transport et sur les sites, en utilisant des strat\u00e9gies comme l&rsquo;humour et des messages clairs sur les bonnes pratiques. Des actions concr\u00e8tes incluent la <strong>cr\u00e9ation d&rsquo;une identit\u00e9 visuelle<\/strong> marquante et la pr\u00e9sence humaine pour renforcer l&rsquo;engagement des visiteurs.\t\t\t\t\t\t\t\t<\/div>\n\t\t\t\t<\/div>\n\t\t\t\t\t<\/div>\n\t\t<\/div>\n\t\t\t\t<div class=\"elementor-column elementor-col-50 elementor-top-column elementor-element elementor-element-142aa77\" data-id=\"142aa77\" data-element_type=\"column\">\n\t\t\t<div class=\"elementor-widget-wrap elementor-element-populated\">\n\t\t\t\t\t\t<div class=\"elementor-element elementor-element-6362e07 elementor-widget elementor-widget-text-editor\" data-id=\"6362e07\" data-element_type=\"widget\" data-widget_type=\"text-editor.default\">\n\t\t\t\t<div class=\"elementor-widget-container\">\n\t\t\t\t\t\t\t\t\t<h5><strong><span>Commission 4 : r\u00e9duction \u00e0 la source des d\u00e9chets<\/strong><\/h5>\nLa commission 4 propose des actions pour <strong>r\u00e9duire<\/strong> les <strong>d\u00e9chets<\/strong> \u00e0 la <strong>source<\/strong>, incluant des <strong>comportements<\/strong> <strong>responsables<\/strong> des visiteurs par sensibilisation, distribution de <strong>cendriers<\/strong> de <strong>poche<\/strong> et de <strong>gourdes<\/strong> <strong>r\u00e9utilisables<\/strong>, et des campagnes de communication. Elle pr\u00e9conise aussi des partenariats avec les <strong>industriels<\/strong> pour <strong>r\u00e9duire<\/strong> les <strong>emballages<\/strong>, d\u00e9velopper la <strong>consigne<\/strong> and <strong>l\u2019\u00e9co-conception<\/strong>, notamment \u00e0 travers des <strong>zones<\/strong> <strong>pilotes<\/strong> et des actions locales avec des entreprises engag\u00e9es. Enfin, elle encourage la promotion <strong>d&rsquo;activit\u00e9s \u00e9coresponsables<\/strong> en c\u0153ur de parc, en cr\u00e9ant des espaces de dialogue et en normalisant les bonnes pratiques par des <strong>partenariats<\/strong> et des <strong>labels<\/strong>.\t\t\t\t\t\t\t\t<\/div>\n\t\t\t\t<\/div>\n\t\t\t\t\t<\/div>\n\t\t<\/div>\n\t\t\t\t\t<\/div>\n\t\t<\/section>\n\t\t\t\t<section class=\"elementor-section elementor-top-section elementor-element elementor-element-c1091f8 elementor-section-boxed elementor-section-height-default elementor-section-height-default\" data-id=\"c1091f8\" data-element_type=\"section\">\n\t\t\t\t\t\t<div class=\"elementor-container elementor-column-gap-default\">\n\t\t\t\t\t<div class=\"elementor-column elementor-col-50 elementor-top-column elementor-element elementor-element-065537d\" data-id=\"065537d\" data-element_type=\"column\">\n\t\t\t<div class=\"elementor-widget-wrap elementor-element-populated\">\n\t\t\t\t\t\t<div class=\"elementor-element elementor-element-734ac73 elementor-widget elementor-widget-text-editor\" data-id=\"734ac73\" data-element_type=\"widget\" data-widget_type=\"text-editor.default\">\n\t\t\t\t<div class=\"elementor-widget-container\">\n\t\t\t\t\t\t\t\t\t<h5><strong><span>Commission 5 : cr\u00e9ation d&rsquo;un r\u00e9seau d&rsquo;ambassadeurs<\/strong><\/h5>\nEnfin, la commission 5 vise \u00e0 <strong>\u00e9largir<\/strong> le <strong>r\u00e9seau<\/strong> <strong>d\u2019ambassadeurs<\/strong> pour le Plan de lutte contre les d\u00e9chets abandonn\u00e9s (PLDA) en mobilisant divers acteurs comme les <strong>companies<\/strong>, les <strong>professionnels<\/strong> du <strong>tourisme<\/strong>, les <strong>associations<\/strong>, les <strong>f\u00e9d\u00e9rations<\/strong> <strong>sportives<\/strong>, les <strong>local authorities<\/strong> et les <strong>m\u00e9dias<\/strong>. Le r\u00f4le des ambassadeurs est de sensibiliser et de diffuser les messages du PLDA \u00e0 travers <strong>diff\u00e9rents<\/strong> <strong>r\u00e9seaux<\/strong> (physiques et virtuels), en fournissant des supports adapt\u00e9s et en les valorisant. La mise en place d&rsquo;un <strong>kit de communication<\/strong> et d&rsquo;une <strong>plateforme<\/strong> <strong>d\u2019\u00e9changes<\/strong> entre ambassadeurs est propos\u00e9e pour soutenir leurs actions.\t\t\t\t\t\t\t\t<\/div>\n\t\t\t\t<\/div>\n\t\t\t\t\t<\/div>\n\t\t<\/div>\n\t\t\t\t<div class=\"elementor-column elementor-col-50 elementor-top-column elementor-element elementor-element-5c5c700\" data-id=\"5c5c700\" data-element_type=\"column\">\n\t\t\t<div class=\"elementor-widget-wrap\">\n\t\t\t\t\t\t\t<\/div>\n\t\t<\/div>\n\t\t\t\t\t<\/div>\n\t\t<\/section>\n\t\t\t\t<section class=\"elementor-section elementor-top-section elementor-element elementor-element-a1ddb65 elementor-section-boxed elementor-section-height-default elementor-section-height-default\" data-id=\"a1ddb65\" data-element_type=\"section\">\n\t\t\t\t\t\t<div class=\"elementor-container elementor-column-gap-default\">\n\t\t\t\t\t<div class=\"elementor-column elementor-col-100 elementor-top-column elementor-element elementor-element-4158cf8\" data-id=\"4158cf8\" data-element_type=\"column\">\n\t\t\t<div class=\"elementor-widget-wrap elementor-element-populated\">\n\t\t\t\t\t\t<div class=\"elementor-element elementor-element-ad5fed0 elementor-widget elementor-widget-text-editor\" data-id=\"ad5fed0\" data-element_type=\"widget\" data-widget_type=\"text-editor.default\">\n\t\t\t\t<div class=\"elementor-widget-container\">\n\t\t\t\t\t\t\t\t\t<h3><strong>Focus sur l&rsquo;animation de MerTerre<\/strong><\/h3><p>Dans le cadre des commissions, <strong>MerTerre<\/strong> a jou\u00e9 un r\u00f4le cl\u00e9 en animant la <strong>commission 1<\/strong>, centr\u00e9e sur la <strong>gouvernance<\/strong> et l&rsquo;<strong>engagement des acteurs<\/strong>, et la <strong>commission 5<\/strong>, d\u00e9di\u00e9e \u00e0 l&rsquo;\u00e9largissement du <strong>r\u00e9seau d\u2019ambassadeurs<\/strong> pour le <strong>Plan de lutte contre les d\u00e9chets abandonn\u00e9s<\/strong> (<strong>PLDA<\/strong>).<\/p><p>Pour la <strong>commission 1<\/strong>, <strong>MerTerre<\/strong> a guid\u00e9 les discussions sur la cr\u00e9ation d&rsquo;une <strong>gouvernance inter-PLDA<\/strong>, mettant en lumi\u00e8re la n\u00e9cessit\u00e9 de renforcer les liens entre la <strong>M\u00e9tropole AMP<\/strong>, les <strong>communes<\/strong> et autres <strong>parties prenantes<\/strong>. L&rsquo;animation a permis de structurer les actions \u00e0 mener pour surmonter les obstacles li\u00e9s \u00e0 la <strong>transversalit\u00e9<\/strong>, aux <strong>p\u00e9rim\u00e8tres flous<\/strong> et \u00e0 la <strong>communication<\/strong>, tout en d\u00e9finissant les <strong>r\u00f4les<\/strong> and <strong>attentes<\/strong> des acteurs impliqu\u00e9s.<\/p><p>Dans le cadre de la <strong>commission 5<\/strong>, <strong>MerTerre<\/strong> a contribu\u00e9 \u00e0 l&rsquo;\u00e9largissement du <strong>r\u00e9seau d\u2019ambassadeurs<\/strong> du <strong>PLDA<\/strong> en mobilisant des acteurs cl\u00e9s tels que les <strong>companies<\/strong>, les <strong>professionnels du tourisme<\/strong>, les <strong>associations<\/strong>, les <strong>f\u00e9d\u00e9rations sportives<\/strong>, les <strong>local authorities<\/strong> et les <strong>m\u00e9dias<\/strong>. Le r\u00f4le des ambassadeurs est d\u2019assurer la diffusion des messages du <strong>PLDA<\/strong> \u00e0 travers diff\u00e9rents <strong>r\u00e9seaux<\/strong>, en fournissant des <strong>supports adapt\u00e9s<\/strong> et en \u00e9tant <strong>valoris\u00e9s<\/strong> dans leurs engagements. La mise en place d&rsquo;un <strong>kit de communication<\/strong> et d&rsquo;une <strong>plateforme d\u2019\u00e9changes entre ambassadeurs<\/strong> a \u00e9t\u00e9 propos\u00e9e pour soutenir et renforcer leurs actions sur le terrain.<\/p>\t\t\t\t\t\t\t\t<\/div>\n\t\t\t\t<\/div>\n\t\t\t\t\t<\/div>\n\t\t<\/div>\n\t\t\t\t\t<\/div>\n\t\t<\/section>\n\t\t\t\t<section class=\"elementor-section elementor-top-section elementor-element elementor-element-246b261 elementor-section-boxed elementor-section-height-default elementor-section-height-default\" data-id=\"246b261\" data-element_type=\"section\">\n\t\t\t\t\t\t<div class=\"elementor-container elementor-column-gap-default\">\n\t\t\t\t\t<div class=\"elementor-column elementor-col-50 elementor-top-column elementor-element elementor-element-6bd60c8\" data-id=\"6bd60c8\" data-element_type=\"column\">\n\t\t\t<div class=\"elementor-widget-wrap elementor-element-populated\">\n\t\t\t\t\t\t<div class=\"elementor-element elementor-element-b8a87ac elementor-widget elementor-widget-image\" data-id=\"b8a87ac\" data-element_type=\"widget\" data-widget_type=\"image.default\">\n\t\t\t\t<div class=\"elementor-widget-container\">\n\t\t\t\t\t\t\t\t\t\t\t\t\t\t\t<img decoding=\"async\" width=\"800\" height=\"600\" src=\"https:\/\/mer-terre.org\/wp-content\/uploads\/2024\/11\/PHOTO-2024-03-20-09-28-32-1024x768.jpg\" class=\"attachment-large size-large wp-image-8584\" alt=\"\" srcset=\"https:\/\/mer-terre.org\/wp-content\/uploads\/2024\/11\/PHOTO-2024-03-20-09-28-32-1024x768.jpg 1024w, https:\/\/mer-terre.org\/wp-content\/uploads\/2024\/11\/PHOTO-2024-03-20-09-28-32-300x225.jpg 300w, https:\/\/mer-terre.org\/wp-content\/uploads\/2024\/11\/PHOTO-2024-03-20-09-28-32-768x576.jpg 768w, https:\/\/mer-terre.org\/wp-content\/uploads\/2024\/11\/PHOTO-2024-03-20-09-28-32-1536x1152.jpg 1536w, https:\/\/mer-terre.org\/wp-content\/uploads\/2024\/11\/PHOTO-2024-03-20-09-28-32-16x12.jpg 16w, https:\/\/mer-terre.org\/wp-content\/uploads\/2024\/11\/PHOTO-2024-03-20-09-28-32.jpg 2048w\" sizes=\"(max-width: 800px) 100vw, 800px\" \/>\t\t\t\t\t\t\t\t\t\t\t\t\t\t\t<\/div>\n\t\t\t\t<\/div>\n\t\t\t\t\t<\/div>\n\t\t<\/div>\n\t\t\t\t<div class=\"elementor-column elementor-col-50 elementor-top-column elementor-element elementor-element-266b24f\" data-id=\"266b24f\" data-element_type=\"column\">\n\t\t\t<div class=\"elementor-widget-wrap elementor-element-populated\">\n\t\t\t\t\t\t<div class=\"elementor-element elementor-element-022ccb6 elementor-widget elementor-widget-image\" data-id=\"022ccb6\" data-element_type=\"widget\" data-widget_type=\"image.default\">\n\t\t\t\t<div class=\"elementor-widget-container\">\n\t\t\t\t\t\t\t\t\t\t\t\t\t\t\t<img decoding=\"async\" width=\"800\" height=\"600\" src=\"https:\/\/mer-terre.org\/wp-content\/uploads\/2024\/11\/PHOTO-2024-03-13-10-47-37-1024x768.jpg\" class=\"attachment-large size-large wp-image-8583\" alt=\"\" srcset=\"https:\/\/mer-terre.org\/wp-content\/uploads\/2024\/11\/PHOTO-2024-03-13-10-47-37-1024x768.jpg 1024w, https:\/\/mer-terre.org\/wp-content\/uploads\/2024\/11\/PHOTO-2024-03-13-10-47-37-300x225.jpg 300w, https:\/\/mer-terre.org\/wp-content\/uploads\/2024\/11\/PHOTO-2024-03-13-10-47-37-768x576.jpg 768w, https:\/\/mer-terre.org\/wp-content\/uploads\/2024\/11\/PHOTO-2024-03-13-10-47-37-1536x1152.jpg 1536w, https:\/\/mer-terre.org\/wp-content\/uploads\/2024\/11\/PHOTO-2024-03-13-10-47-37-16x12.jpg 16w, https:\/\/mer-terre.org\/wp-content\/uploads\/2024\/11\/PHOTO-2024-03-13-10-47-37.jpg 2048w\" sizes=\"(max-width: 800px) 100vw, 800px\" \/>\t\t\t\t\t\t\t\t\t\t\t\t\t\t\t<\/div>\n\t\t\t\t<\/div>\n\t\t\t\t\t<\/div>\n\t\t<\/div>\n\t\t\t\t\t<\/div>\n\t\t<\/section>\n\t\t\t\t<section class=\"elementor-section elementor-top-section elementor-element elementor-element-beade68 elementor-section-boxed elementor-section-height-default elementor-section-height-default\" data-id=\"beade68\" data-element_type=\"section\">\n\t\t\t\t\t\t<div class=\"elementor-container elementor-column-gap-default\">\n\t\t\t\t\t<div class=\"elementor-column elementor-col-100 elementor-top-column elementor-element elementor-element-bf7929e\" data-id=\"bf7929e\" data-element_type=\"column\">\n\t\t\t<div class=\"elementor-widget-wrap elementor-element-populated\">\n\t\t\t\t\t\t<div class=\"elementor-element elementor-element-db1bce3 elementor-widget elementor-widget-text-editor\" data-id=\"db1bce3\" data-element_type=\"widget\" data-widget_type=\"text-editor.default\">\n\t\t\t\t<div class=\"elementor-widget-container\">\n\t\t\t\t\t\t\t\t\t<p>En conclusion, le <strong>Forum du 14 novembre 2024<\/strong> marquera une \u00e9tape cruciale dans la mise en \u0153uvre du <strong>Plan de Lutte contre les D\u00e9chets Abandonn\u00e9s dans les Calanques<\/strong>. L&rsquo;objectif est d&rsquo;\u00e9largir les cercles d&rsquo;ambassadeurs et d\u2019impliquer davantage de citoyens, entreprises et collectivit\u00e9s. Des interventions lors des Assembl\u00e9es G\u00e9n\u00e9rales des CIQ et une communication cibl\u00e9e avant la saison estivale permettront de sensibiliser le grand public \u00e0 la probl\u00e9matique des d\u00e9chets abandonn\u00e9s, notamment en lien avec la consommation nomade. <strong>Cette dynamique collective est essentielle pour renforcer l&rsquo;impact du PLDA et pr\u00e9server les Calanques pour les g\u00e9n\u00e9rations futures.<\/strong><\/p>\t\t\t\t\t\t\t\t<\/div>\n\t\t\t\t<\/div>\n\t\t\t\t\t<\/div>\n\t\t<\/div>\n\t\t\t\t\t<\/div>\n\t\t<\/section>\n\t\t\t\t<\/div>","protected":false},"excerpt":{"rendered":"<p>En 2024, le Parc National des Calanques a lanc\u00e9 un projet ambitieux : la mise en \u0153uvre du Plan de Lutte contre les D\u00e9chets Abandonn\u00e9s (PLDA). L&rsquo;objectif de cette initiative est de r\u00e9duire les d\u00e9chets sauvages dans ce territoire exceptionnel tout en impliquant les acteurs locaux dans la gestion durable de l&rsquo;environnement. Afin de poser les bases de ce plan, du 13 au 22 mars 2024, cinq commissions se sont r\u00e9unies, r\u00e9unissant des associations, des entreprises, des professionnels du tourisme, des collectivit\u00e9s, et des acteurs sportifs. L\u2019association MerTerre, partenaire cl\u00e9 dans ce projet, a non seulement particip\u00e9 \u00e0 toutes les commissions mais a \u00e9galement anim\u00e9 deux ateliers importants pour structurer l\u2019action du plan.<\/p>","protected":false},"author":6,"featured_media":8570,"comment_status":"closed","ping_status":"open","sticky":false,"template":"","format":"standard","meta":{"_acf_changed":false,"_mo_disable_npp":"","footnotes":""},"categories":[7],"tags":[],"class_list":["post-8569","post","type-post","status-publish","format-standard","has-post-thumbnail","hentry","category-evenements"],"acf":[],"yoast_head":"<!-- This site is optimized with the Yoast SEO plugin v26.0 - https:\/\/yoast.com\/wordpress\/plugins\/seo\/ -->\n<title>Les commissions du Plan de Lutte contre les D\u00e9chets Abandonn\u00e9s (PLDA) : vers une mobilisation citoyenne et locale dans les Calanques - MerTerre<\/title>\n<meta name=\"robots\" content=\"index, follow, max-snippet:-1, max-image-preview:large, max-video-preview:-1\" \/>\n<link rel=\"canonical\" href=\"https:\/\/mer-terre.org\/en\/commissions-dechets-calanques\/\" \/>\n<meta property=\"og:locale\" content=\"en_GB\" \/>\n<meta property=\"og:type\" content=\"article\" \/>\n<meta property=\"og:title\" content=\"Les commissions du Plan de Lutte contre les D\u00e9chets Abandonn\u00e9s (PLDA) : vers une mobilisation citoyenne et locale dans les Calanques - MerTerre\" \/>\n<meta property=\"og:description\" content=\"En 2024, le Parc National des Calanques a lanc\u00e9 un projet ambitieux : la mise en \u0153uvre du Plan de Lutte contre les D\u00e9chets Abandonn\u00e9s (PLDA). L&#039;objectif de cette initiative est de r\u00e9duire les d\u00e9chets sauvages dans ce territoire exceptionnel tout en impliquant les acteurs locaux dans la gestion durable de l&#039;environnement. Afin de poser les bases de ce plan, du 13 au 22 mars 2024, cinq commissions se sont r\u00e9unies, r\u00e9unissant des associations, des entreprises, des professionnels du tourisme, des collectivit\u00e9s, et des acteurs sportifs. L\u2019association MerTerre, partenaire cl\u00e9 dans ce projet, a non seulement particip\u00e9 \u00e0 toutes les commissions mais a \u00e9galement anim\u00e9 deux ateliers importants pour structurer l\u2019action du plan.\" \/>\n<meta property=\"og:url\" content=\"https:\/\/mer-terre.org\/en\/commissions-dechets-calanques\/\" \/>\n<meta property=\"og:site_name\" content=\"MerTerre\" \/>\n<meta property=\"article:published_time\" content=\"2024-11-14T10:42:53+00:00\" \/>\n<meta property=\"article:modified_time\" content=\"2024-12-03T16:50:39+00:00\" \/>\n<meta property=\"og:image\" content=\"https:\/\/mer-terre.org\/wp-content\/uploads\/2024\/11\/\u00a9-MerTerre-ZDSReMed3-scaled.jpg\" \/>\n\t<meta property=\"og:image:width\" content=\"2560\" \/>\n\t<meta property=\"og:image:height\" content=\"1707\" \/>\n\t<meta property=\"og:image:type\" content=\"image\/jpeg\" \/>\n<meta name=\"author\" content=\"Laurine Fouquereau\" \/>\n<meta name=\"twitter:card\" content=\"summary_large_image\" \/>\n<meta name=\"twitter:label1\" content=\"Written by\" \/>\n\t<meta name=\"twitter:data1\" content=\"Laurine Fouquereau\" \/>\n\t<meta name=\"twitter:label2\" content=\"Estimated reading time\" \/>\n\t<meta name=\"twitter:data2\" content=\"6 minutes\" \/>\n<script type=\"application\/ld+json\" class=\"yoast-schema-graph\">{\"@context\":\"https:\/\/schema.org\",\"@graph\":[{\"@type\":\"Article\",\"@id\":\"https:\/\/mer-terre.org\/commissions-dechets-calanques\/#article\",\"isPartOf\":{\"@id\":\"https:\/\/mer-terre.org\/commissions-dechets-calanques\/\"},\"author\":{\"name\":\"Laurine Fouquereau\",\"@id\":\"https:\/\/mer-terre.org\/#\/schema\/person\/caf15d0bcbeeac616d6ec711ccbb1b1b\"},\"headline\":\"Les commissions du Plan de Lutte contre les D\u00e9chets Abandonn\u00e9s (PLDA) : vers une mobilisation citoyenne et locale dans les Calanques\",\"datePublished\":\"2024-11-14T10:42:53+00:00\",\"dateModified\":\"2024-12-03T16:50:39+00:00\",\"mainEntityOfPage\":{\"@id\":\"https:\/\/mer-terre.org\/commissions-dechets-calanques\/\"},\"wordCount\":1171,\"publisher\":{\"@id\":\"https:\/\/mer-terre.org\/#organization\"},\"image\":{\"@id\":\"https:\/\/mer-terre.org\/commissions-dechets-calanques\/#primaryimage\"},\"thumbnailUrl\":\"https:\/\/mer-terre.org\/wp-content\/uploads\/2024\/11\/\u00a9-MerTerre-ZDSReMed3-scaled.jpg\",\"articleSection\":[\"\u00c9v\u00e8nements\"],\"inLanguage\":\"en-GB\"},{\"@type\":\"WebPage\",\"@id\":\"https:\/\/mer-terre.org\/commissions-dechets-calanques\/\",\"url\":\"https:\/\/mer-terre.org\/commissions-dechets-calanques\/\",\"name\":\"Les commissions du Plan de Lutte contre les D\u00e9chets Abandonn\u00e9s (PLDA) : vers une mobilisation citoyenne et locale dans les Calanques - MerTerre\",\"isPartOf\":{\"@id\":\"https:\/\/mer-terre.org\/#website\"},\"primaryImageOfPage\":{\"@id\":\"https:\/\/mer-terre.org\/commissions-dechets-calanques\/#primaryimage\"},\"image\":{\"@id\":\"https:\/\/mer-terre.org\/commissions-dechets-calanques\/#primaryimage\"},\"thumbnailUrl\":\"https:\/\/mer-terre.org\/wp-content\/uploads\/2024\/11\/\u00a9-MerTerre-ZDSReMed3-scaled.jpg\",\"datePublished\":\"2024-11-14T10:42:53+00:00\",\"dateModified\":\"2024-12-03T16:50:39+00:00\",\"breadcrumb\":{\"@id\":\"https:\/\/mer-terre.org\/commissions-dechets-calanques\/#breadcrumb\"},\"inLanguage\":\"en-GB\",\"potentialAction\":[{\"@type\":\"ReadAction\",\"target\":[\"https:\/\/mer-terre.org\/commissions-dechets-calanques\/\"]}]},{\"@type\":\"ImageObject\",\"inLanguage\":\"en-GB\",\"@id\":\"https:\/\/mer-terre.org\/commissions-dechets-calanques\/#primaryimage\",\"url\":\"https:\/\/mer-terre.org\/wp-content\/uploads\/2024\/11\/\u00a9-MerTerre-ZDSReMed3-scaled.jpg\",\"contentUrl\":\"https:\/\/mer-terre.org\/wp-content\/uploads\/2024\/11\/\u00a9-MerTerre-ZDSReMed3-scaled.jpg\",\"width\":2560,\"height\":1707},{\"@type\":\"BreadcrumbList\",\"@id\":\"https:\/\/mer-terre.org\/commissions-dechets-calanques\/#breadcrumb\",\"itemListElement\":[{\"@type\":\"ListItem\",\"position\":1,\"name\":\"Accueil\",\"item\":\"https:\/\/mer-terre.org\/\"},{\"@type\":\"ListItem\",\"position\":2,\"name\":\"Les commissions du Plan de Lutte contre les D\u00e9chets Abandonn\u00e9s (PLDA) : vers une mobilisation citoyenne et locale dans les Calanques\"}]},{\"@type\":\"WebSite\",\"@id\":\"https:\/\/mer-terre.org\/#website\",\"url\":\"https:\/\/mer-terre.org\/\",\"name\":\"MerTerre\",\"description\":\"Objectif Z\u00e9ro D\u00e9chet Marin\",\"publisher\":{\"@id\":\"https:\/\/mer-terre.org\/#organization\"},\"potentialAction\":[{\"@type\":\"SearchAction\",\"target\":{\"@type\":\"EntryPoint\",\"urlTemplate\":\"https:\/\/mer-terre.org\/?s={search_term_string}\"},\"query-input\":{\"@type\":\"PropertyValueSpecification\",\"valueRequired\":true,\"valueName\":\"search_term_string\"}}],\"inLanguage\":\"en-GB\"},{\"@type\":\"Organization\",\"@id\":\"https:\/\/mer-terre.org\/#organization\",\"name\":\"MerTerre\",\"url\":\"https:\/\/mer-terre.org\/\",\"logo\":{\"@type\":\"ImageObject\",\"inLanguage\":\"en-GB\",\"@id\":\"https:\/\/mer-terre.org\/#\/schema\/logo\/image\/\",\"url\":\"https:\/\/mer-terre.org\/wp-content\/uploads\/2023\/01\/logo-hx1-5.png\",\"contentUrl\":\"https:\/\/mer-terre.org\/wp-content\/uploads\/2023\/01\/logo-hx1-5.png\",\"width\":473,\"height\":157,\"caption\":\"MerTerre\"},\"image\":{\"@id\":\"https:\/\/mer-terre.org\/#\/schema\/logo\/image\/\"}},{\"@type\":\"Person\",\"@id\":\"https:\/\/mer-terre.org\/#\/schema\/person\/caf15d0bcbeeac616d6ec711ccbb1b1b\",\"name\":\"Laurine Fouquereau\",\"image\":{\"@type\":\"ImageObject\",\"inLanguage\":\"en-GB\",\"@id\":\"https:\/\/mer-terre.org\/#\/schema\/person\/image\/\",\"url\":\"https:\/\/secure.gravatar.com\/avatar\/337e28efda9abf33a126e46dd1ef2d07f4c2174fa5f3890ba1ce73a1ab6c298d?s=96&d=mm&r=g\",\"contentUrl\":\"https:\/\/secure.gravatar.com\/avatar\/337e28efda9abf33a126e46dd1ef2d07f4c2174fa5f3890ba1ce73a1ab6c298d?s=96&d=mm&r=g\",\"caption\":\"Laurine Fouquereau\"},\"url\":\"https:\/\/mer-terre.org\/en\/author\/lfouquereau\/\"}]}<\/script>\n<!-- \/ Yoast SEO plugin. -->","yoast_head_json":{"title":"Les commissions du Plan de Lutte contre les D\u00e9chets Abandonn\u00e9s (PLDA) : vers une mobilisation citoyenne et locale dans les Calanques - MerTerre","robots":{"index":"index","follow":"follow","max-snippet":"max-snippet:-1","max-image-preview":"max-image-preview:large","max-video-preview":"max-video-preview:-1"},"canonical":"https:\/\/mer-terre.org\/en\/commissions-dechets-calanques\/","og_locale":"en_GB","og_type":"article","og_title":"Les commissions du Plan de Lutte contre les D\u00e9chets Abandonn\u00e9s (PLDA) : vers une mobilisation citoyenne et locale dans les Calanques - MerTerre","og_description":"En 2024, le Parc National des Calanques a lanc\u00e9 un projet ambitieux : la mise en \u0153uvre du Plan de Lutte contre les D\u00e9chets Abandonn\u00e9s (PLDA). L'objectif de cette initiative est de r\u00e9duire les d\u00e9chets sauvages dans ce territoire exceptionnel tout en impliquant les acteurs locaux dans la gestion durable de l'environnement. Afin de poser les bases de ce plan, du 13 au 22 mars 2024, cinq commissions se sont r\u00e9unies, r\u00e9unissant des associations, des entreprises, des professionnels du tourisme, des collectivit\u00e9s, et des acteurs sportifs. L\u2019association MerTerre, partenaire cl\u00e9 dans ce projet, a non seulement particip\u00e9 \u00e0 toutes les commissions mais a \u00e9galement anim\u00e9 deux ateliers importants pour structurer l\u2019action du plan.","og_url":"https:\/\/mer-terre.org\/en\/commissions-dechets-calanques\/","og_site_name":"MerTerre","article_published_time":"2024-11-14T10:42:53+00:00","article_modified_time":"2024-12-03T16:50:39+00:00","og_image":[{"width":2560,"height":1707,"url":"https:\/\/mer-terre.org\/wp-content\/uploads\/2024\/11\/\u00a9-MerTerre-ZDSReMed3-scaled.jpg","type":"image\/jpeg"}],"author":"Laurine Fouquereau","twitter_card":"summary_large_image","twitter_misc":{"Written by":"Laurine Fouquereau","Estimated reading time":"6 minutes"},"schema":{"@context":"https:\/\/schema.org","@graph":[{"@type":"Article","@id":"https:\/\/mer-terre.org\/commissions-dechets-calanques\/#article","isPartOf":{"@id":"https:\/\/mer-terre.org\/commissions-dechets-calanques\/"},"author":{"name":"Laurine Fouquereau","@id":"https:\/\/mer-terre.org\/#\/schema\/person\/caf15d0bcbeeac616d6ec711ccbb1b1b"},"headline":"Les commissions du Plan de Lutte contre les D\u00e9chets Abandonn\u00e9s (PLDA) : vers une mobilisation citoyenne et locale dans les Calanques","datePublished":"2024-11-14T10:42:53+00:00","dateModified":"2024-12-03T16:50:39+00:00","mainEntityOfPage":{"@id":"https:\/\/mer-terre.org\/commissions-dechets-calanques\/"},"wordCount":1171,"publisher":{"@id":"https:\/\/mer-terre.org\/#organization"},"image":{"@id":"https:\/\/mer-terre.org\/commissions-dechets-calanques\/#primaryimage"},"thumbnailUrl":"https:\/\/mer-terre.org\/wp-content\/uploads\/2024\/11\/\u00a9-MerTerre-ZDSReMed3-scaled.jpg","articleSection":["\u00c9v\u00e8nements"],"inLanguage":"en-GB"},{"@type":"WebPage","@id":"https:\/\/mer-terre.org\/commissions-dechets-calanques\/","url":"https:\/\/mer-terre.org\/commissions-dechets-calanques\/","name":"Les commissions du Plan de Lutte contre les D\u00e9chets Abandonn\u00e9s (PLDA) : vers une mobilisation citoyenne et locale dans les Calanques - MerTerre","isPartOf":{"@id":"https:\/\/mer-terre.org\/#website"},"primaryImageOfPage":{"@id":"https:\/\/mer-terre.org\/commissions-dechets-calanques\/#primaryimage"},"image":{"@id":"https:\/\/mer-terre.org\/commissions-dechets-calanques\/#primaryimage"},"thumbnailUrl":"https:\/\/mer-terre.org\/wp-content\/uploads\/2024\/11\/\u00a9-MerTerre-ZDSReMed3-scaled.jpg","datePublished":"2024-11-14T10:42:53+00:00","dateModified":"2024-12-03T16:50:39+00:00","breadcrumb":{"@id":"https:\/\/mer-terre.org\/commissions-dechets-calanques\/#breadcrumb"},"inLanguage":"en-GB","potentialAction":[{"@type":"ReadAction","target":["https:\/\/mer-terre.org\/commissions-dechets-calanques\/"]}]},{"@type":"ImageObject","inLanguage":"en-GB","@id":"https:\/\/mer-terre.org\/commissions-dechets-calanques\/#primaryimage","url":"https:\/\/mer-terre.org\/wp-content\/uploads\/2024\/11\/\u00a9-MerTerre-ZDSReMed3-scaled.jpg","contentUrl":"https:\/\/mer-terre.org\/wp-content\/uploads\/2024\/11\/\u00a9-MerTerre-ZDSReMed3-scaled.jpg","width":2560,"height":1707},{"@type":"BreadcrumbList","@id":"https:\/\/mer-terre.org\/commissions-dechets-calanques\/#breadcrumb","itemListElement":[{"@type":"ListItem","position":1,"name":"Accueil","item":"https:\/\/mer-terre.org\/"},{"@type":"ListItem","position":2,"name":"Les commissions du Plan de Lutte contre les D\u00e9chets Abandonn\u00e9s (PLDA) : vers une mobilisation citoyenne et locale dans les Calanques"}]},{"@type":"WebSite","@id":"https:\/\/mer-terre.org\/#website","url":"https:\/\/mer-terre.org\/","name":"MerTerre","description":"Objectif Z\u00e9ro D\u00e9chet Marin","publisher":{"@id":"https:\/\/mer-terre.org\/#organization"},"potentialAction":[{"@type":"SearchAction","target":{"@type":"EntryPoint","urlTemplate":"https:\/\/mer-terre.org\/?s={search_term_string}"},"query-input":{"@type":"PropertyValueSpecification","valueRequired":true,"valueName":"search_term_string"}}],"inLanguage":"en-GB"},{"@type":"Organization","@id":"https:\/\/mer-terre.org\/#organization","name":"MerTerre","url":"https:\/\/mer-terre.org\/","logo":{"@type":"ImageObject","inLanguage":"en-GB","@id":"https:\/\/mer-terre.org\/#\/schema\/logo\/image\/","url":"https:\/\/mer-terre.org\/wp-content\/uploads\/2023\/01\/logo-hx1-5.png","contentUrl":"https:\/\/mer-terre.org\/wp-content\/uploads\/2023\/01\/logo-hx1-5.png","width":473,"height":157,"caption":"MerTerre"},"image":{"@id":"https:\/\/mer-terre.org\/#\/schema\/logo\/image\/"}},{"@type":"Person","@id":"https:\/\/mer-terre.org\/#\/schema\/person\/caf15d0bcbeeac616d6ec711ccbb1b1b","name":"Laurine Fouquereau","image":{"@type":"ImageObject","inLanguage":"en-GB","@id":"https:\/\/mer-terre.org\/#\/schema\/person\/image\/","url":"https:\/\/secure.gravatar.com\/avatar\/337e28efda9abf33a126e46dd1ef2d07f4c2174fa5f3890ba1ce73a1ab6c298d?s=96&d=mm&r=g","contentUrl":"https:\/\/secure.gravatar.com\/avatar\/337e28efda9abf33a126e46dd1ef2d07f4c2174fa5f3890ba1ce73a1ab6c298d?s=96&d=mm&r=g","caption":"Laurine Fouquereau"},"url":"https:\/\/mer-terre.org\/en\/author\/lfouquereau\/"}]}},"_links":{"self":[{"href":"https:\/\/mer-terre.org\/en\/wp-json\/wp\/v2\/posts\/8569","targetHints":{"allow":["GET"]}}],"collection":[{"href":"https:\/\/mer-terre.org\/en\/wp-json\/wp\/v2\/posts"}],"about":[{"href":"https:\/\/mer-terre.org\/en\/wp-json\/wp\/v2\/types\/post"}],"author":[{"embeddable":true,"href":"https:\/\/mer-terre.org\/en\/wp-json\/wp\/v2\/users\/6"}],"replies":[{"embeddable":true,"href":"https:\/\/mer-terre.org\/en\/wp-json\/wp\/v2\/comments?post=8569"}],"version-history":[{"count":0,"href":"https:\/\/mer-terre.org\/en\/wp-json\/wp\/v2\/posts\/8569\/revisions"}],"wp:featuredmedia":[{"embeddable":true,"href":"https:\/\/mer-terre.org\/en\/wp-json\/wp\/v2\/media\/8570"}],"wp:attachment":[{"href":"https:\/\/mer-terre.org\/en\/wp-json\/wp\/v2\/media?parent=8569"}],"wp:term":[{"taxonomy":"category","embeddable":true,"href":"https:\/\/mer-terre.org\/en\/wp-json\/wp\/v2\/categories?post=8569"},{"taxonomy":"post_tag","embeddable":true,"href":"https:\/\/mer-terre.org\/en\/wp-json\/wp\/v2\/tags?post=8569"}],"curies":[{"name":"wp","href":"https:\/\/api.w.org\/{rel}","templated":true}]}}