{"id":9920,"date":"2025-01-10T16:18:00","date_gmt":"2025-01-10T15:18:00","guid":{"rendered":"https:\/\/mer-terre.org\/?p=9920"},"modified":"2025-01-13T10:47:50","modified_gmt":"2025-01-13T09:47:50","slug":"enfants-centre-loisir-espillieres-lutte-dechets-abandonnes","status":"publish","type":"post","link":"https:\/\/mer-terre.org\/en\/enfants-centre-loisir-espillieres-lutte-dechets-abandonnes\/","title":{"rendered":"Adopt\u20191 Spot : les enfants des Espilli\u00e8res au c\u0153ur de la lutte contre les d\u00e9chets abandonn\u00e9s"},"content":{"rendered":"<div data-elementor-type=\"wp-post\" data-elementor-id=\"9920\" class=\"elementor elementor-9920\" data-elementor-post-type=\"post\">\n\t\t\t\t\t\t<section class=\"elementor-section elementor-top-section elementor-element elementor-element-8333b42 elementor-section-boxed elementor-section-height-default elementor-section-height-default\" data-id=\"8333b42\" data-element_type=\"section\">\n\t\t\t\t\t\t<div class=\"elementor-container elementor-column-gap-default\">\n\t\t\t\t\t<div class=\"elementor-column elementor-col-100 elementor-top-column elementor-element elementor-element-24f61d1\" data-id=\"24f61d1\" data-element_type=\"column\">\n\t\t\t<div class=\"elementor-widget-wrap elementor-element-populated\">\n\t\t\t\t\t\t<div class=\"elementor-element elementor-element-06194f3 elementor-widget elementor-widget-text-editor\" data-id=\"06194f3\" data-element_type=\"widget\" data-widget_type=\"text-editor.default\">\n\t\t\t\t<div class=\"elementor-widget-container\">\n\t\t\t\t\t\t\t\t\t<p>Depuis <strong>2023<\/strong>, l\u2019\u00e9quipe de MerTerre collabore avec <strong>le centre de loisir des Espilli\u00e8res<\/strong> (anciennement Mermoz, \u00e0 Aubagne) pour <strong>sensibiliser les jeunes \u00e0 la pr\u00e9servation de l\u2019Huveaune<\/strong>.<br \/>Gr\u00e2ce au programme <a href=\"https:\/\/mer-terre.org\/en\/adopt1-spot\/\"><span style=\"text-decoration: underline;\"><strong>Adopt'1 Spot <\/strong><\/span><\/a>et au soutien financier de l\u2019<strong><span style=\"text-decoration: underline;\"><a href=\"https:\/\/www.epagehuca.fr\/\">EPAGE HuCA<\/a><\/span><\/strong> (gestionnaire des bassins versants Huveaune, Aygalades et c\u00f4tiers), ces interventions permettent de d\u00e9couvrir la richesse de la biodiversit\u00e9 locale, <strong>tout en prenant conscience des enjeux li\u00e9s aux d\u00e9chets abandonn\u00e9s<\/strong>. Trois actions ont \u00e9t\u00e9 men\u00e9es sur ce site entre 2023 et 2024.\u00a0<\/p>\t\t\t\t\t\t\t\t<\/div>\n\t\t\t\t<\/div>\n\t\t\t\t\t<\/div>\n\t\t<\/div>\n\t\t\t\t\t<\/div>\n\t\t<\/section>\n\t\t\t\t<section class=\"elementor-section elementor-top-section elementor-element elementor-element-d5ac664 elementor-section-boxed elementor-section-height-default elementor-section-height-default\" data-id=\"d5ac664\" data-element_type=\"section\">\n\t\t\t\t\t\t<div class=\"elementor-container elementor-column-gap-default\">\n\t\t\t\t\t<div class=\"elementor-column elementor-col-100 elementor-top-column elementor-element elementor-element-ecd1a67\" data-id=\"ecd1a67\" data-element_type=\"column\">\n\t\t\t<div class=\"elementor-widget-wrap elementor-element-populated\">\n\t\t\t\t\t\t<div class=\"elementor-element elementor-element-3fabc04 elementor-widget elementor-widget-image\" data-id=\"3fabc04\" data-element_type=\"widget\" data-widget_type=\"image.default\">\n\t\t\t\t<div class=\"elementor-widget-container\">\n\t\t\t\t\t\t\t\t\t\t\t\t\t\t\t<img fetchpriority=\"high\" decoding=\"async\" width=\"800\" height=\"800\" src=\"https:\/\/mer-terre.org\/wp-content\/uploads\/2025\/01\/Mermoz-1-1024x1024.jpg\" class=\"attachment-large size-large wp-image-9926\" alt=\"\" srcset=\"https:\/\/mer-terre.org\/wp-content\/uploads\/2025\/01\/Mermoz-1-1024x1024.jpg 1024w, https:\/\/mer-terre.org\/wp-content\/uploads\/2025\/01\/Mermoz-1-300x300.jpg 300w, https:\/\/mer-terre.org\/wp-content\/uploads\/2025\/01\/Mermoz-1-150x150.jpg 150w, https:\/\/mer-terre.org\/wp-content\/uploads\/2025\/01\/Mermoz-1-768x768.jpg 768w, https:\/\/mer-terre.org\/wp-content\/uploads\/2025\/01\/Mermoz-1-12x12.jpg 12w, https:\/\/mer-terre.org\/wp-content\/uploads\/2025\/01\/Mermoz-1.jpg 1512w\" sizes=\"(max-width: 800px) 100vw, 800px\" \/>\t\t\t\t\t\t\t\t\t\t\t\t\t\t\t<\/div>\n\t\t\t\t<\/div>\n\t\t\t\t\t<\/div>\n\t\t<\/div>\n\t\t\t\t\t<\/div>\n\t\t<\/section>\n\t\t\t\t<section class=\"elementor-section elementor-top-section elementor-element elementor-element-9700dd1 elementor-section-boxed elementor-section-height-default elementor-section-height-default\" data-id=\"9700dd1\" data-element_type=\"section\">\n\t\t\t\t\t\t<div class=\"elementor-container elementor-column-gap-default\">\n\t\t\t\t\t<div class=\"elementor-column elementor-col-100 elementor-top-column elementor-element elementor-element-dff0e3d\" data-id=\"dff0e3d\" data-element_type=\"column\">\n\t\t\t<div class=\"elementor-widget-wrap elementor-element-populated\">\n\t\t\t\t\t\t<div class=\"elementor-element elementor-element-1af54f5 elementor-widget elementor-widget-text-editor\" data-id=\"1af54f5\" data-element_type=\"widget\" data-widget_type=\"text-editor.default\">\n\t\t\t\t<div class=\"elementor-widget-container\">\n\t\t\t\t\t\t\t\t\t<p align=\"left\">Le<strong> 5 avril 2023<\/strong>, l&rsquo;\u00e9quipe de MerTerre a emmen\u00e9 un groupe d&rsquo;enfants du centre de loisir Mermoz (ancien nom des Espilli\u00e8res), \u00e0 Aubagne, pour <strong>une sortie instructive<\/strong> dans le cadre du programme Adopt\u20191 Spot. L&rsquo;objectif \u00e9tait clair, il s&rsquo;agissait de :\u00a0<\/p>\t\t\t\t\t\t\t\t<\/div>\n\t\t\t\t<\/div>\n\t\t\t\t<div class=\"elementor-element elementor-element-95181af elementor-blockquote--skin-quotation elementor-blockquote--align-left elementor-widget elementor-widget-blockquote\" data-id=\"95181af\" data-element_type=\"widget\" data-widget_type=\"blockquote.default\">\n\t\t\t\t<div class=\"elementor-widget-container\">\n\t\t\t\t\t\t\t<blockquote class=\"elementor-blockquote\">\n\t\t\t<p class=\"elementor-blockquote__content\">\n\t\t\t\tSensibiliser les jeunes \u00e0 la pr\u00e9servation de l'environnement et les initier aux sciences participatives.\t\t\t<\/p>\n\t\t\t\t\t\t\t<div class=\"e-q-footer\">\n\t\t\t\t\t\t\t\t\t\t\t<cite class=\"elementor-blockquote__author\">Vincent Leli\u00e8vre -\u00a0 charg\u00e9 de mission \u00c9ducation et Sensibilisation<\/cite>\n\t\t\t\t\t\t\t\t\t\t\t\t\t\t<\/div>\n\t\t\t\t\t<\/blockquote>\n\t\t\t\t\t\t<\/div>\n\t\t\t\t<\/div>\n\t\t\t\t\t<\/div>\n\t\t<\/div>\n\t\t\t\t\t<\/div>\n\t\t<\/section>\n\t\t\t\t<section class=\"elementor-section elementor-top-section elementor-element elementor-element-c98842a elementor-section-boxed elementor-section-height-default elementor-section-height-default\" data-id=\"c98842a\" data-element_type=\"section\">\n\t\t\t\t\t\t<div class=\"elementor-container elementor-column-gap-default\">\n\t\t\t\t\t<div class=\"elementor-column elementor-col-100 elementor-top-column elementor-element elementor-element-2d3c716\" data-id=\"2d3c716\" data-element_type=\"column\">\n\t\t\t<div class=\"elementor-widget-wrap elementor-element-populated\">\n\t\t\t\t\t\t<div class=\"elementor-element elementor-element-a2be362 elementor-widget elementor-widget-text-editor\" data-id=\"a2be362\" data-element_type=\"widget\" data-widget_type=\"text-editor.default\">\n\t\t\t\t<div class=\"elementor-widget-container\">\n\t\t\t\t\t\t\t\t\t<p align=\"left\">\u00a0<\/p><p align=\"left\">Cette activit\u00e9, men\u00e9e <strong>avec l&rsquo;aide de la Maison R\u00e9gionale de l&rsquo;Eau<\/strong>, a permis de <strong>d\u00e9couvrir la richesse de la faune et de la flore qui peuplent l&rsquo;Huveaune<\/strong>, tout en mettant en lumi\u00e8re <strong>les d\u00e9fis <\/strong>pos\u00e9s par les d\u00e9chets abandonn\u00e9s. Apr\u00e8s une <strong>sensibilisation<\/strong> de 20 minutes pour <strong>expliquer les enjeux \u00e9cologiques et les bons gestes \u00e0 adopter<\/strong>, les enfants se sont lanc\u00e9s dans un <strong>ramassage<\/strong> actif de 45 minutes. <strong>R\u00e9partis en trois \u00e9quipes<\/strong> (plastique, verre\/c\u00e9ramique et autres d\u00e9chets), ils ont collect\u00e9 au total <strong>85 litres de d\u00e9chets<\/strong>, soit 8,6 kg, incluant 50 litres de plastiques, 15 litres de m\u00e9tal, 5 litres de verre, 7 litres de textile et 8 litres de papier\/carton. Gr\u00e2ce \u00e0 un <span style=\"text-decoration: underline;\">pr\u00e9-tri efficace<\/span>, <strong>la caract\u00e9risation des d\u00e9chets a \u00e9t\u00e9 facilit\u00e9e<\/strong>, permettant une <strong>analyse approfondie<\/strong> de la pollution pr\u00e9sente. Malgr\u00e9 leur jeune \u00e2ge (8 \u00e0 10 ans), les participants se sont montr\u00e9s <strong>tr\u00e8s motiv\u00e9s<\/strong> and <strong>curieux<\/strong>, m\u00eame si l&rsquo;exercice de caract\u00e9risation a demand\u00e9 un peu plus de <span style=\"text-decoration: underline;\">concentration<\/span>. Cette premi\u00e8re exp\u00e9rience a r\u00e9v\u00e9l\u00e9 une pollution majoritairement situ\u00e9e le long du chemin plut\u00f4t que dans le cours d&rsquo;eau lui-m\u00eame.<\/p>\t\t\t\t\t\t\t\t<\/div>\n\t\t\t\t<\/div>\n\t\t\t\t<div class=\"elementor-element elementor-element-8e1d1ac elementor-widget elementor-widget-image\" data-id=\"8e1d1ac\" data-element_type=\"widget\" data-widget_type=\"image.default\">\n\t\t\t\t<div class=\"elementor-widget-container\">\n\t\t\t\t\t\t\t\t\t\t\t\t\t\t\t<img decoding=\"async\" width=\"800\" height=\"800\" src=\"https:\/\/mer-terre.org\/wp-content\/uploads\/2025\/01\/Mermoz-3-1024x1024.png\" class=\"attachment-large size-large wp-image-9927\" alt=\"\" srcset=\"https:\/\/mer-terre.org\/wp-content\/uploads\/2025\/01\/Mermoz-3-1024x1024.png 1024w, https:\/\/mer-terre.org\/wp-content\/uploads\/2025\/01\/Mermoz-3-300x300.png 300w, https:\/\/mer-terre.org\/wp-content\/uploads\/2025\/01\/Mermoz-3-150x150.png 150w, https:\/\/mer-terre.org\/wp-content\/uploads\/2025\/01\/Mermoz-3-768x768.png 768w, https:\/\/mer-terre.org\/wp-content\/uploads\/2025\/01\/Mermoz-3-12x12.png 12w, https:\/\/mer-terre.org\/wp-content\/uploads\/2025\/01\/Mermoz-3.png 1512w\" sizes=\"(max-width: 800px) 100vw, 800px\" \/>\t\t\t\t\t\t\t\t\t\t\t\t\t\t\t<\/div>\n\t\t\t\t<\/div>\n\t\t\t\t\t<\/div>\n\t\t<\/div>\n\t\t\t\t\t<\/div>\n\t\t<\/section>\n\t\t\t\t<section class=\"elementor-section elementor-top-section elementor-element elementor-element-fe8c843 elementor-section-boxed elementor-section-height-default elementor-section-height-default\" data-id=\"fe8c843\" data-element_type=\"section\">\n\t\t\t\t\t\t<div class=\"elementor-container elementor-column-gap-default\">\n\t\t\t\t\t<div class=\"elementor-column elementor-col-100 elementor-top-column elementor-element elementor-element-3be1210\" data-id=\"3be1210\" data-element_type=\"column\">\n\t\t\t<div class=\"elementor-widget-wrap elementor-element-populated\">\n\t\t\t\t\t\t<div class=\"elementor-element elementor-element-526dd77 elementor-widget elementor-widget-text-editor\" data-id=\"526dd77\" data-element_type=\"widget\" data-widget_type=\"text-editor.default\">\n\t\t\t\t<div class=\"elementor-widget-container\">\n\t\t\t\t\t\t\t\t\t<p>Quelques mois plus tard, le <strong>6 d\u00e9cembre 2023<\/strong>, l\u2019\u00e9quipe de MerTerre est retourn\u00e9e sur les berges de l&rsquo;Huveaune avec un nouveau groupe du centre de loisir des Espilli\u00e8res. Cette deuxi\u00e8me intervention, toujours dans le cadre du programme <a href=\"https:\/\/mer-terre.org\/en\/adopt1-spot\/\"><strong><span style=\"text-decoration: underline;\">Adopt'1 Spot<\/span><\/strong><\/a> et en partenariat avec l&rsquo;<a href=\"https:\/\/www.epagehuca.fr\/\"><span style=\"text-decoration: underline;\">EPAGE HuCA<\/span><\/a>, a permis \u00e0 <strong>dix enfants<\/strong>, accompagn\u00e9s de trois adultes, de r\u00e9it\u00e9rer l\u2019exp\u00e9rience. Encore une fois, apr\u00e8s une s\u00e9ance de <strong>sensibilisation<\/strong> de 20 minutes, le petit groupe a particip\u00e9 \u00e0 un <strong>ramassage<\/strong> de 45 minutes, organis\u00e9 de mani\u00e8re similaire \u00e0 la premi\u00e8re sortie. <strong>L\u00e0 encore des dizaines de litres de d\u00e9chets ont \u00e9t\u00e9 collect\u00e9s, ce qui a impressionn\u00e9 les<\/strong> <strong>enfants, tr\u00e8s attentifs et impliqu\u00e9s.<\/strong><\/p>\t\t\t\t\t\t\t\t<\/div>\n\t\t\t\t<\/div>\n\t\t\t\t\t<\/div>\n\t\t<\/div>\n\t\t\t\t\t<\/div>\n\t\t<\/section>\n\t\t\t\t<section class=\"elementor-section elementor-top-section elementor-element elementor-element-e72c886 elementor-section-boxed elementor-section-height-default elementor-section-height-default\" data-id=\"e72c886\" data-element_type=\"section\">\n\t\t\t\t\t\t<div class=\"elementor-container elementor-column-gap-default\">\n\t\t\t\t\t<div class=\"elementor-column elementor-col-50 elementor-top-column elementor-element elementor-element-d4c19f7\" data-id=\"d4c19f7\" data-element_type=\"column\">\n\t\t\t<div class=\"elementor-widget-wrap elementor-element-populated\">\n\t\t\t\t\t\t<div class=\"elementor-element elementor-element-0b3f7c6 elementor-widget elementor-widget-image\" data-id=\"0b3f7c6\" data-element_type=\"widget\" data-widget_type=\"image.default\">\n\t\t\t\t<div class=\"elementor-widget-container\">\n\t\t\t\t\t\t\t\t\t\t\t\t\t\t\t<img decoding=\"async\" width=\"576\" height=\"1024\" src=\"https:\/\/mer-terre.org\/wp-content\/uploads\/2025\/01\/Mermoz-6-576x1024.jpg\" class=\"attachment-large size-large wp-image-9930\" alt=\"\" srcset=\"https:\/\/mer-terre.org\/wp-content\/uploads\/2025\/01\/Mermoz-6-576x1024.jpg 576w, https:\/\/mer-terre.org\/wp-content\/uploads\/2025\/01\/Mermoz-6-169x300.jpg 169w, https:\/\/mer-terre.org\/wp-content\/uploads\/2025\/01\/Mermoz-6-768x1365.jpg 768w, https:\/\/mer-terre.org\/wp-content\/uploads\/2025\/01\/Mermoz-6-864x1536.jpg 864w, https:\/\/mer-terre.org\/wp-content\/uploads\/2025\/01\/Mermoz-6-1152x2048.jpg 1152w, https:\/\/mer-terre.org\/wp-content\/uploads\/2025\/01\/Mermoz-6-7x12.jpg 7w, https:\/\/mer-terre.org\/wp-content\/uploads\/2025\/01\/Mermoz-6.jpg 1242w\" sizes=\"(max-width: 576px) 100vw, 576px\" \/>\t\t\t\t\t\t\t\t\t\t\t\t\t\t\t<\/div>\n\t\t\t\t<\/div>\n\t\t\t\t\t<\/div>\n\t\t<\/div>\n\t\t\t\t<div class=\"elementor-column elementor-col-50 elementor-top-column elementor-element elementor-element-ee2b73f\" data-id=\"ee2b73f\" data-element_type=\"column\">\n\t\t\t<div class=\"elementor-widget-wrap elementor-element-populated\">\n\t\t\t\t\t\t<div class=\"elementor-element elementor-element-8c95081 elementor-widget elementor-widget-image\" data-id=\"8c95081\" data-element_type=\"widget\" data-widget_type=\"image.default\">\n\t\t\t\t<div class=\"elementor-widget-container\">\n\t\t\t\t\t\t\t\t\t\t\t\t\t\t\t<img loading=\"lazy\" decoding=\"async\" width=\"576\" height=\"1024\" src=\"https:\/\/mer-terre.org\/wp-content\/uploads\/2025\/01\/Mermoz-4-576x1024.jpg\" class=\"attachment-large size-large wp-image-9929\" alt=\"\" srcset=\"https:\/\/mer-terre.org\/wp-content\/uploads\/2025\/01\/Mermoz-4-576x1024.jpg 576w, https:\/\/mer-terre.org\/wp-content\/uploads\/2025\/01\/Mermoz-4-169x300.jpg 169w, https:\/\/mer-terre.org\/wp-content\/uploads\/2025\/01\/Mermoz-4-768x1365.jpg 768w, https:\/\/mer-terre.org\/wp-content\/uploads\/2025\/01\/Mermoz-4-864x1536.jpg 864w, https:\/\/mer-terre.org\/wp-content\/uploads\/2025\/01\/Mermoz-4-1152x2048.jpg 1152w, https:\/\/mer-terre.org\/wp-content\/uploads\/2025\/01\/Mermoz-4-7x12.jpg 7w, https:\/\/mer-terre.org\/wp-content\/uploads\/2025\/01\/Mermoz-4.jpg 1242w\" sizes=\"(max-width: 576px) 100vw, 576px\" \/>\t\t\t\t\t\t\t\t\t\t\t\t\t\t\t<\/div>\n\t\t\t\t<\/div>\n\t\t\t\t\t<\/div>\n\t\t<\/div>\n\t\t\t\t\t<\/div>\n\t\t<\/section>\n\t\t\t\t<section class=\"elementor-section elementor-top-section elementor-element elementor-element-2fea18a elementor-section-boxed elementor-section-height-default elementor-section-height-default\" data-id=\"2fea18a\" data-element_type=\"section\">\n\t\t\t\t\t\t<div class=\"elementor-container elementor-column-gap-default\">\n\t\t\t\t\t<div class=\"elementor-column elementor-col-100 elementor-top-column elementor-element elementor-element-c110572\" data-id=\"c110572\" data-element_type=\"column\">\n\t\t\t<div class=\"elementor-widget-wrap elementor-element-populated\">\n\t\t\t\t\t\t<div class=\"elementor-element elementor-element-fbdb8c2 elementor-widget elementor-widget-text-editor\" data-id=\"fbdb8c2\" data-element_type=\"widget\" data-widget_type=\"text-editor.default\">\n\t\t\t\t<div class=\"elementor-widget-container\">\n\t\t\t\t\t\t\t\t\t<p>Presque un an apr\u00e8s la derni\u00e8re session, le <strong>23 octobre 2024<\/strong>, MerTerre a organis\u00e9 une <span style=\"text-decoration: underline;\">troisi\u00e8me intervention<\/span> sur ce site avec le centre de loisir des Espilli\u00e8res. Cette action, qui s&rsquo;inscrivait dans l&rsquo;<strong>op\u00e9ration \u201cRivi\u00e8res Propres\u201d<\/strong>, a rassembl\u00e9 <strong>25 enfants<\/strong> et 4 accompagnants, <strong>dont le directeur Benjamin Raquet<\/strong>. Apr\u00e8s une sensibilisation initiale, les participants ont effectu\u00e9<strong> un ramassage d\u2019une heure, couvrant trois zones diff\u00e9rentes le long des berges<\/strong>. Cette op\u00e9ration a permis de collecter <strong>169 litres de d\u00e9chets<\/strong>, soit <strong>25,5 kg<\/strong>, avec une pr\u00e9dominance de <strong>plastiques<\/strong> et de <strong>m\u00e9taux<\/strong>.<\/p><p>L\u2019apr\u00e8s-midi a \u00e9t\u00e9 marqu\u00e9 par des <span style=\"text-decoration: underline;\">ateliers diversifi\u00e9s<\/span>, anim\u00e9s par des <strong>partenaires locaux<\/strong>. La Ressourcerie des Futurs a illustr\u00e9 comment donner une seconde vie \u00e0 des objets jet\u00e9s, tandis que l\u2019<strong>Atelier Bleu CPIE Proven\u00e7ale<\/strong> a sensibilis\u00e9 les enfants \u00e0 la biodiversit\u00e9 et \u00e0 l\u2019importance de l\u2019eau. Enfin, la <strong>compagnie Fluid Corporation<\/strong> a propos\u00e9 une activit\u00e9 ludique sur l\u2019arch\u00e9ologie des d\u00e9chets, permettant aux enfants de comprendre les origines des d\u00e9tritus pr\u00e9sents dans l&rsquo;Huveaune.<\/p>\t\t\t\t\t\t\t\t<\/div>\n\t\t\t\t<\/div>\n\t\t\t\t\t<\/div>\n\t\t<\/div>\n\t\t\t\t\t<\/div>\n\t\t<\/section>\n\t\t\t\t<section class=\"elementor-section elementor-top-section elementor-element elementor-element-f2fa9d3 elementor-section-boxed elementor-section-height-default elementor-section-height-default\" data-id=\"f2fa9d3\" data-element_type=\"section\">\n\t\t\t\t\t\t<div class=\"elementor-container elementor-column-gap-default\">\n\t\t\t\t\t<div class=\"elementor-column elementor-col-100 elementor-top-column elementor-element elementor-element-8604d16\" data-id=\"8604d16\" data-element_type=\"column\">\n\t\t\t<div class=\"elementor-widget-wrap elementor-element-populated\">\n\t\t\t\t\t\t<div class=\"elementor-element elementor-element-94a3bdc elementor-widget elementor-widget-image\" data-id=\"94a3bdc\" data-element_type=\"widget\" data-widget_type=\"image.default\">\n\t\t\t\t<div class=\"elementor-widget-container\">\n\t\t\t\t\t\t\t\t\t\t\t\t\t\t\t<img loading=\"lazy\" decoding=\"async\" width=\"800\" height=\"800\" src=\"https:\/\/mer-terre.org\/wp-content\/uploads\/2025\/01\/Mermoz-2-1024x1024.png\" class=\"attachment-large size-large wp-image-9928\" alt=\"\" srcset=\"https:\/\/mer-terre.org\/wp-content\/uploads\/2025\/01\/Mermoz-2-1024x1024.png 1024w, https:\/\/mer-terre.org\/wp-content\/uploads\/2025\/01\/Mermoz-2-300x300.png 300w, https:\/\/mer-terre.org\/wp-content\/uploads\/2025\/01\/Mermoz-2-150x150.png 150w, https:\/\/mer-terre.org\/wp-content\/uploads\/2025\/01\/Mermoz-2-768x768.png 768w, https:\/\/mer-terre.org\/wp-content\/uploads\/2025\/01\/Mermoz-2-12x12.png 12w, https:\/\/mer-terre.org\/wp-content\/uploads\/2025\/01\/Mermoz-2.png 1200w\" sizes=\"(max-width: 800px) 100vw, 800px\" \/>\t\t\t\t\t\t\t\t\t\t\t\t\t\t\t<\/div>\n\t\t\t\t<\/div>\n\t\t\t\t\t<\/div>\n\t\t<\/div>\n\t\t\t\t\t<\/div>\n\t\t<\/section>\n\t\t\t\t<section class=\"elementor-section elementor-top-section elementor-element elementor-element-fd163d5 elementor-section-boxed elementor-section-height-default elementor-section-height-default\" data-id=\"fd163d5\" data-element_type=\"section\">\n\t\t\t\t\t\t<div class=\"elementor-container elementor-column-gap-default\">\n\t\t\t\t\t<div class=\"elementor-column elementor-col-100 elementor-top-column elementor-element elementor-element-8a0cf41\" data-id=\"8a0cf41\" data-element_type=\"column\">\n\t\t\t<div class=\"elementor-widget-wrap elementor-element-populated\">\n\t\t\t\t\t\t<div class=\"elementor-element elementor-element-6a42dd3 elementor-widget elementor-widget-text-editor\" data-id=\"6a42dd3\" data-element_type=\"widget\" data-widget_type=\"text-editor.default\">\n\t\t\t\t<div class=\"elementor-widget-container\">\n\t\t\t\t\t\t\t\t\t<p>Ces trois journ\u00e9es de terrain r\u00e9v\u00e8lent tout l\u2019engagement de MerTerre pour l\u2019\u00e9ducation environnementale des jeunes. En combinant <strong>actions concr\u00e8tes<\/strong> and <strong>approches ludiques<\/strong>, le programme <a href=\"https:\/\/mer-terre.org\/en\/adopt1-spot\/\"><span style=\"text-decoration: underline;\"><strong>Adopt'1 Spot<\/strong><\/span><\/a> continue de former une nouvelle g\u00e9n\u00e9ration de <strong>citoyens conscients et actifs dans la lutte contre les d\u00e9chets abandonn\u00e9s<\/strong>. Avec le soutien des acteurs locaux et <span style=\"text-decoration: underline;\">l\u2019enthousiasme<\/span> des participants, <strong>l\u2019avenir de nos rivi\u00e8res a de belles perspectives<\/strong>.<\/p>\t\t\t\t\t\t\t\t<\/div>\n\t\t\t\t<\/div>\n\t\t\t\t<div class=\"elementor-element elementor-element-73ce80b elementor-align-center elementor-widget elementor-widget-button\" data-id=\"73ce80b\" data-element_type=\"widget\" data-widget_type=\"button.default\">\n\t\t\t\t<div class=\"elementor-widget-container\">\n\t\t\t\t\t\t\t\t\t<div class=\"elementor-button-wrapper\">\n\t\t\t\t\t<a class=\"elementor-button elementor-button-link elementor-size-sm\" href=\"https:\/\/www.helloasso.com\/associations\/merterre\" target=\"_blank\">\n\t\t\t\t\t\t<span class=\"elementor-button-content-wrapper\">\n\t\t\t\t\t\t\t\t\t<span class=\"elementor-button-text\">\ud83c\udf0a Faire un don \ud83c\udf0a<\/span>\n\t\t\t\t\t<\/span>\n\t\t\t\t\t<\/a>\n\t\t\t\t<\/div>\n\t\t\t\t\t\t\t\t<\/div>\n\t\t\t\t<\/div>\n\t\t\t\t\t<\/div>\n\t\t<\/div>\n\t\t\t\t\t<\/div>\n\t\t<\/section>\n\t\t\t\t<\/div>","protected":false},"excerpt":{"rendered":"<p>Depuis 2023, l\u2019\u00e9quipe de MerTerre collabore avec le centre de loisir des Espilli\u00e8res (anciennement Mermoz, \u00e0 Aubagne) pour sensibiliser les jeunes \u00e0 la pr\u00e9servation de l\u2019Huveaune.<\/p>","protected":false},"author":10,"featured_media":9923,"comment_status":"closed","ping_status":"open","sticky":false,"template":"","format":"standard","meta":{"_acf_changed":false,"_mo_disable_npp":"","footnotes":""},"categories":[34,7,8],"tags":[],"class_list":["post-9920","post","type-post","status-publish","format-standard","has-post-thumbnail","hentry","category-adopt1-spot","category-evenements","category-sensibilisation"],"acf":[],"yoast_head":"<!-- This site is optimized with the Yoast SEO plugin v26.0 - https:\/\/yoast.com\/wordpress\/plugins\/seo\/ -->\n<title>Adopt\u20191 Spot : les enfants des Espilli\u00e8res au c\u0153ur de la lutte contre les d\u00e9chets abandonn\u00e9s - MerTerre<\/title>\n<meta name=\"description\" content=\"D\u00e9couvrez comment MerTerre sensibilise les jeunes \u00e0 travers le programme Adopt\u20191 Spot. Trois interventions \u00e9ducatives et participatives ont permis de collecter plus de 300 litres de d\u00e9chets avec le centre de loisir des Espilli\u00e8res.\" \/>\n<meta name=\"robots\" content=\"index, follow, max-snippet:-1, max-image-preview:large, max-video-preview:-1\" \/>\n<link rel=\"canonical\" href=\"https:\/\/mer-terre.org\/en\/enfants-centre-loisir-espillieres-lutte-dechets-abandonnes\/\" \/>\n<meta property=\"og:locale\" content=\"en_GB\" \/>\n<meta property=\"og:type\" content=\"article\" \/>\n<meta property=\"og:title\" content=\"Adopt\u20191 Spot : les enfants des Espilli\u00e8res au c\u0153ur de la lutte contre les d\u00e9chets abandonn\u00e9s - MerTerre\" \/>\n<meta property=\"og:description\" content=\"D\u00e9couvrez comment MerTerre sensibilise les jeunes \u00e0 travers le programme Adopt\u20191 Spot. Trois interventions \u00e9ducatives et participatives ont permis de collecter plus de 300 litres de d\u00e9chets avec le centre de loisir des Espilli\u00e8res.\" \/>\n<meta property=\"og:url\" content=\"https:\/\/mer-terre.org\/en\/enfants-centre-loisir-espillieres-lutte-dechets-abandonnes\/\" \/>\n<meta property=\"og:site_name\" content=\"MerTerre\" \/>\n<meta property=\"article:published_time\" content=\"2025-01-10T15:18:00+00:00\" \/>\n<meta property=\"article:modified_time\" content=\"2025-01-13T09:47:50+00:00\" \/>\n<meta property=\"og:image\" content=\"https:\/\/mer-terre.org\/wp-content\/uploads\/2025\/01\/Mermoz-5-e1736519995575.jpg\" \/>\n\t<meta property=\"og:image:width\" content=\"1242\" \/>\n\t<meta property=\"og:image:height\" content=\"1148\" \/>\n\t<meta property=\"og:image:type\" content=\"image\/jpeg\" \/>\n<meta name=\"author\" content=\"Mathilde Delahaye\" \/>\n<meta name=\"twitter:card\" content=\"summary_large_image\" \/>\n<meta name=\"twitter:label1\" content=\"Written by\" \/>\n\t<meta name=\"twitter:data1\" content=\"Mathilde Delahaye\" \/>\n\t<meta name=\"twitter:label2\" content=\"Estimated reading time\" \/>\n\t<meta name=\"twitter:data2\" content=\"5 minutes\" \/>\n<script type=\"application\/ld+json\" class=\"yoast-schema-graph\">{\"@context\":\"https:\/\/schema.org\",\"@graph\":[{\"@type\":\"Article\",\"@id\":\"https:\/\/mer-terre.org\/enfants-centre-loisir-espillieres-lutte-dechets-abandonnes\/#article\",\"isPartOf\":{\"@id\":\"https:\/\/mer-terre.org\/enfants-centre-loisir-espillieres-lutte-dechets-abandonnes\/\"},\"author\":{\"name\":\"Mathilde Delahaye\",\"@id\":\"https:\/\/mer-terre.org\/#\/schema\/person\/f937306cc6366785fbc1f20ff7379781\"},\"headline\":\"Adopt\u20191 Spot : les enfants des Espilli\u00e8res au c\u0153ur de la lutte contre les d\u00e9chets abandonn\u00e9s\",\"datePublished\":\"2025-01-10T15:18:00+00:00\",\"dateModified\":\"2025-01-13T09:47:50+00:00\",\"mainEntityOfPage\":{\"@id\":\"https:\/\/mer-terre.org\/enfants-centre-loisir-espillieres-lutte-dechets-abandonnes\/\"},\"wordCount\":758,\"publisher\":{\"@id\":\"https:\/\/mer-terre.org\/#organization\"},\"image\":{\"@id\":\"https:\/\/mer-terre.org\/enfants-centre-loisir-espillieres-lutte-dechets-abandonnes\/#primaryimage\"},\"thumbnailUrl\":\"https:\/\/mer-terre.org\/wp-content\/uploads\/2025\/01\/Mermoz-5-e1736519995575.jpg\",\"articleSection\":[\"Adopt'1 Spot\",\"\u00c9v\u00e8nements\",\"Sensibilisation\"],\"inLanguage\":\"en-GB\"},{\"@type\":\"WebPage\",\"@id\":\"https:\/\/mer-terre.org\/enfants-centre-loisir-espillieres-lutte-dechets-abandonnes\/\",\"url\":\"https:\/\/mer-terre.org\/enfants-centre-loisir-espillieres-lutte-dechets-abandonnes\/\",\"name\":\"Adopt\u20191 Spot : les enfants des Espilli\u00e8res au c\u0153ur de la lutte contre les d\u00e9chets abandonn\u00e9s - MerTerre\",\"isPartOf\":{\"@id\":\"https:\/\/mer-terre.org\/#website\"},\"primaryImageOfPage\":{\"@id\":\"https:\/\/mer-terre.org\/enfants-centre-loisir-espillieres-lutte-dechets-abandonnes\/#primaryimage\"},\"image\":{\"@id\":\"https:\/\/mer-terre.org\/enfants-centre-loisir-espillieres-lutte-dechets-abandonnes\/#primaryimage\"},\"thumbnailUrl\":\"https:\/\/mer-terre.org\/wp-content\/uploads\/2025\/01\/Mermoz-5-e1736519995575.jpg\",\"datePublished\":\"2025-01-10T15:18:00+00:00\",\"dateModified\":\"2025-01-13T09:47:50+00:00\",\"description\":\"D\u00e9couvrez comment MerTerre sensibilise les jeunes \u00e0 travers le programme Adopt\u20191 Spot. Trois interventions \u00e9ducatives et participatives ont permis de collecter plus de 300 litres de d\u00e9chets avec le centre de loisir des Espilli\u00e8res.\",\"breadcrumb\":{\"@id\":\"https:\/\/mer-terre.org\/enfants-centre-loisir-espillieres-lutte-dechets-abandonnes\/#breadcrumb\"},\"inLanguage\":\"en-GB\",\"potentialAction\":[{\"@type\":\"ReadAction\",\"target\":[\"https:\/\/mer-terre.org\/enfants-centre-loisir-espillieres-lutte-dechets-abandonnes\/\"]}]},{\"@type\":\"ImageObject\",\"inLanguage\":\"en-GB\",\"@id\":\"https:\/\/mer-terre.org\/enfants-centre-loisir-espillieres-lutte-dechets-abandonnes\/#primaryimage\",\"url\":\"https:\/\/mer-terre.org\/wp-content\/uploads\/2025\/01\/Mermoz-5-e1736519995575.jpg\",\"contentUrl\":\"https:\/\/mer-terre.org\/wp-content\/uploads\/2025\/01\/Mermoz-5-e1736519995575.jpg\",\"width\":1242,\"height\":1148,\"caption\":\"CjUKMVNuYXBjaGF0LzEzLjkuMC40MCAoaVBob25lMTMsMjsgaU9TIDE3LjQuMTsgZ3ppcCkgAg==\"},{\"@type\":\"BreadcrumbList\",\"@id\":\"https:\/\/mer-terre.org\/enfants-centre-loisir-espillieres-lutte-dechets-abandonnes\/#breadcrumb\",\"itemListElement\":[{\"@type\":\"ListItem\",\"position\":1,\"name\":\"Accueil\",\"item\":\"https:\/\/mer-terre.org\/\"},{\"@type\":\"ListItem\",\"position\":2,\"name\":\"Adopt\u20191 Spot : les enfants des Espilli\u00e8res au c\u0153ur de la lutte contre les d\u00e9chets abandonn\u00e9s\"}]},{\"@type\":\"WebSite\",\"@id\":\"https:\/\/mer-terre.org\/#website\",\"url\":\"https:\/\/mer-terre.org\/\",\"name\":\"MerTerre\",\"description\":\"Objectif Z\u00e9ro D\u00e9chet Marin\",\"publisher\":{\"@id\":\"https:\/\/mer-terre.org\/#organization\"},\"potentialAction\":[{\"@type\":\"SearchAction\",\"target\":{\"@type\":\"EntryPoint\",\"urlTemplate\":\"https:\/\/mer-terre.org\/?s={search_term_string}\"},\"query-input\":{\"@type\":\"PropertyValueSpecification\",\"valueRequired\":true,\"valueName\":\"search_term_string\"}}],\"inLanguage\":\"en-GB\"},{\"@type\":\"Organization\",\"@id\":\"https:\/\/mer-terre.org\/#organization\",\"name\":\"MerTerre\",\"url\":\"https:\/\/mer-terre.org\/\",\"logo\":{\"@type\":\"ImageObject\",\"inLanguage\":\"en-GB\",\"@id\":\"https:\/\/mer-terre.org\/#\/schema\/logo\/image\/\",\"url\":\"https:\/\/mer-terre.org\/wp-content\/uploads\/2023\/01\/logo-hx1-5.png\",\"contentUrl\":\"https:\/\/mer-terre.org\/wp-content\/uploads\/2023\/01\/logo-hx1-5.png\",\"width\":473,\"height\":157,\"caption\":\"MerTerre\"},\"image\":{\"@id\":\"https:\/\/mer-terre.org\/#\/schema\/logo\/image\/\"}},{\"@type\":\"Person\",\"@id\":\"https:\/\/mer-terre.org\/#\/schema\/person\/f937306cc6366785fbc1f20ff7379781\",\"name\":\"Mathilde Delahaye\",\"image\":{\"@type\":\"ImageObject\",\"inLanguage\":\"en-GB\",\"@id\":\"https:\/\/mer-terre.org\/#\/schema\/person\/image\/\",\"url\":\"https:\/\/secure.gravatar.com\/avatar\/3fa930114c189031616722981ffa89eddcb2469aae5f85f2d1edf4d1018a96b9?s=96&d=mm&r=g\",\"contentUrl\":\"https:\/\/secure.gravatar.com\/avatar\/3fa930114c189031616722981ffa89eddcb2469aae5f85f2d1edf4d1018a96b9?s=96&d=mm&r=g\",\"caption\":\"Mathilde Delahaye\"},\"url\":\"https:\/\/mer-terre.org\/en\/author\/sarahcortier\/\"}]}<\/script>\n<!-- \/ Yoast SEO plugin. -->","yoast_head_json":{"title":"Adopt\u20191 Spot : les enfants des Espilli\u00e8res au c\u0153ur de la lutte contre les d\u00e9chets abandonn\u00e9s - MerTerre","description":"D\u00e9couvrez comment MerTerre sensibilise les jeunes \u00e0 travers le programme Adopt\u20191 Spot. Trois interventions \u00e9ducatives et participatives ont permis de collecter plus de 300 litres de d\u00e9chets avec le centre de loisir des Espilli\u00e8res.","robots":{"index":"index","follow":"follow","max-snippet":"max-snippet:-1","max-image-preview":"max-image-preview:large","max-video-preview":"max-video-preview:-1"},"canonical":"https:\/\/mer-terre.org\/en\/enfants-centre-loisir-espillieres-lutte-dechets-abandonnes\/","og_locale":"en_GB","og_type":"article","og_title":"Adopt\u20191 Spot : les enfants des Espilli\u00e8res au c\u0153ur de la lutte contre les d\u00e9chets abandonn\u00e9s - MerTerre","og_description":"D\u00e9couvrez comment MerTerre sensibilise les jeunes \u00e0 travers le programme Adopt\u20191 Spot. Trois interventions \u00e9ducatives et participatives ont permis de collecter plus de 300 litres de d\u00e9chets avec le centre de loisir des Espilli\u00e8res.","og_url":"https:\/\/mer-terre.org\/en\/enfants-centre-loisir-espillieres-lutte-dechets-abandonnes\/","og_site_name":"MerTerre","article_published_time":"2025-01-10T15:18:00+00:00","article_modified_time":"2025-01-13T09:47:50+00:00","og_image":[{"width":1242,"height":1148,"url":"https:\/\/mer-terre.org\/wp-content\/uploads\/2025\/01\/Mermoz-5-e1736519995575.jpg","type":"image\/jpeg"}],"author":"Mathilde Delahaye","twitter_card":"summary_large_image","twitter_misc":{"Written by":"Mathilde Delahaye","Estimated reading time":"5 minutes"},"schema":{"@context":"https:\/\/schema.org","@graph":[{"@type":"Article","@id":"https:\/\/mer-terre.org\/enfants-centre-loisir-espillieres-lutte-dechets-abandonnes\/#article","isPartOf":{"@id":"https:\/\/mer-terre.org\/enfants-centre-loisir-espillieres-lutte-dechets-abandonnes\/"},"author":{"name":"Mathilde Delahaye","@id":"https:\/\/mer-terre.org\/#\/schema\/person\/f937306cc6366785fbc1f20ff7379781"},"headline":"Adopt\u20191 Spot : les enfants des Espilli\u00e8res au c\u0153ur de la lutte contre les d\u00e9chets abandonn\u00e9s","datePublished":"2025-01-10T15:18:00+00:00","dateModified":"2025-01-13T09:47:50+00:00","mainEntityOfPage":{"@id":"https:\/\/mer-terre.org\/enfants-centre-loisir-espillieres-lutte-dechets-abandonnes\/"},"wordCount":758,"publisher":{"@id":"https:\/\/mer-terre.org\/#organization"},"image":{"@id":"https:\/\/mer-terre.org\/enfants-centre-loisir-espillieres-lutte-dechets-abandonnes\/#primaryimage"},"thumbnailUrl":"https:\/\/mer-terre.org\/wp-content\/uploads\/2025\/01\/Mermoz-5-e1736519995575.jpg","articleSection":["Adopt'1 Spot","\u00c9v\u00e8nements","Sensibilisation"],"inLanguage":"en-GB"},{"@type":"WebPage","@id":"https:\/\/mer-terre.org\/enfants-centre-loisir-espillieres-lutte-dechets-abandonnes\/","url":"https:\/\/mer-terre.org\/enfants-centre-loisir-espillieres-lutte-dechets-abandonnes\/","name":"Adopt\u20191 Spot : les enfants des Espilli\u00e8res au c\u0153ur de la lutte contre les d\u00e9chets abandonn\u00e9s - MerTerre","isPartOf":{"@id":"https:\/\/mer-terre.org\/#website"},"primaryImageOfPage":{"@id":"https:\/\/mer-terre.org\/enfants-centre-loisir-espillieres-lutte-dechets-abandonnes\/#primaryimage"},"image":{"@id":"https:\/\/mer-terre.org\/enfants-centre-loisir-espillieres-lutte-dechets-abandonnes\/#primaryimage"},"thumbnailUrl":"https:\/\/mer-terre.org\/wp-content\/uploads\/2025\/01\/Mermoz-5-e1736519995575.jpg","datePublished":"2025-01-10T15:18:00+00:00","dateModified":"2025-01-13T09:47:50+00:00","description":"D\u00e9couvrez comment MerTerre sensibilise les jeunes \u00e0 travers le programme Adopt\u20191 Spot. Trois interventions \u00e9ducatives et participatives ont permis de collecter plus de 300 litres de d\u00e9chets avec le centre de loisir des Espilli\u00e8res.","breadcrumb":{"@id":"https:\/\/mer-terre.org\/enfants-centre-loisir-espillieres-lutte-dechets-abandonnes\/#breadcrumb"},"inLanguage":"en-GB","potentialAction":[{"@type":"ReadAction","target":["https:\/\/mer-terre.org\/enfants-centre-loisir-espillieres-lutte-dechets-abandonnes\/"]}]},{"@type":"ImageObject","inLanguage":"en-GB","@id":"https:\/\/mer-terre.org\/enfants-centre-loisir-espillieres-lutte-dechets-abandonnes\/#primaryimage","url":"https:\/\/mer-terre.org\/wp-content\/uploads\/2025\/01\/Mermoz-5-e1736519995575.jpg","contentUrl":"https:\/\/mer-terre.org\/wp-content\/uploads\/2025\/01\/Mermoz-5-e1736519995575.jpg","width":1242,"height":1148,"caption":"CjUKMVNuYXBjaGF0LzEzLjkuMC40MCAoaVBob25lMTMsMjsgaU9TIDE3LjQuMTsgZ3ppcCkgAg=="},{"@type":"BreadcrumbList","@id":"https:\/\/mer-terre.org\/enfants-centre-loisir-espillieres-lutte-dechets-abandonnes\/#breadcrumb","itemListElement":[{"@type":"ListItem","position":1,"name":"Accueil","item":"https:\/\/mer-terre.org\/"},{"@type":"ListItem","position":2,"name":"Adopt\u20191 Spot : les enfants des Espilli\u00e8res au c\u0153ur de la lutte contre les d\u00e9chets abandonn\u00e9s"}]},{"@type":"WebSite","@id":"https:\/\/mer-terre.org\/#website","url":"https:\/\/mer-terre.org\/","name":"MerTerre","description":"Objectif Z\u00e9ro D\u00e9chet Marin","publisher":{"@id":"https:\/\/mer-terre.org\/#organization"},"potentialAction":[{"@type":"SearchAction","target":{"@type":"EntryPoint","urlTemplate":"https:\/\/mer-terre.org\/?s={search_term_string}"},"query-input":{"@type":"PropertyValueSpecification","valueRequired":true,"valueName":"search_term_string"}}],"inLanguage":"en-GB"},{"@type":"Organization","@id":"https:\/\/mer-terre.org\/#organization","name":"MerTerre","url":"https:\/\/mer-terre.org\/","logo":{"@type":"ImageObject","inLanguage":"en-GB","@id":"https:\/\/mer-terre.org\/#\/schema\/logo\/image\/","url":"https:\/\/mer-terre.org\/wp-content\/uploads\/2023\/01\/logo-hx1-5.png","contentUrl":"https:\/\/mer-terre.org\/wp-content\/uploads\/2023\/01\/logo-hx1-5.png","width":473,"height":157,"caption":"MerTerre"},"image":{"@id":"https:\/\/mer-terre.org\/#\/schema\/logo\/image\/"}},{"@type":"Person","@id":"https:\/\/mer-terre.org\/#\/schema\/person\/f937306cc6366785fbc1f20ff7379781","name":"Mathilde Delahaye","image":{"@type":"ImageObject","inLanguage":"en-GB","@id":"https:\/\/mer-terre.org\/#\/schema\/person\/image\/","url":"https:\/\/secure.gravatar.com\/avatar\/3fa930114c189031616722981ffa89eddcb2469aae5f85f2d1edf4d1018a96b9?s=96&d=mm&r=g","contentUrl":"https:\/\/secure.gravatar.com\/avatar\/3fa930114c189031616722981ffa89eddcb2469aae5f85f2d1edf4d1018a96b9?s=96&d=mm&r=g","caption":"Mathilde Delahaye"},"url":"https:\/\/mer-terre.org\/en\/author\/sarahcortier\/"}]}},"_links":{"self":[{"href":"https:\/\/mer-terre.org\/en\/wp-json\/wp\/v2\/posts\/9920","targetHints":{"allow":["GET"]}}],"collection":[{"href":"https:\/\/mer-terre.org\/en\/wp-json\/wp\/v2\/posts"}],"about":[{"href":"https:\/\/mer-terre.org\/en\/wp-json\/wp\/v2\/types\/post"}],"author":[{"embeddable":true,"href":"https:\/\/mer-terre.org\/en\/wp-json\/wp\/v2\/users\/10"}],"replies":[{"embeddable":true,"href":"https:\/\/mer-terre.org\/en\/wp-json\/wp\/v2\/comments?post=9920"}],"version-history":[{"count":0,"href":"https:\/\/mer-terre.org\/en\/wp-json\/wp\/v2\/posts\/9920\/revisions"}],"wp:featuredmedia":[{"embeddable":true,"href":"https:\/\/mer-terre.org\/en\/wp-json\/wp\/v2\/media\/9923"}],"wp:attachment":[{"href":"https:\/\/mer-terre.org\/en\/wp-json\/wp\/v2\/media?parent=9920"}],"wp:term":[{"taxonomy":"category","embeddable":true,"href":"https:\/\/mer-terre.org\/en\/wp-json\/wp\/v2\/categories?post=9920"},{"taxonomy":"post_tag","embeddable":true,"href":"https:\/\/mer-terre.org\/en\/wp-json\/wp\/v2\/tags?post=9920"}],"curies":[{"name":"wp","href":"https:\/\/api.w.org\/{rel}","templated":true}]}}